{"id":16690,"date":"2025-08-23T07:29:35","date_gmt":"2025-08-23T12:29:35","guid":{"rendered":"https:\/\/economiaconedmer.com\/economiaenserio\/?p=16690"},"modified":"2025-08-23T07:30:36","modified_gmt":"2025-08-23T12:30:36","slug":"la-lonja-de-propiedad-raiz-de-bogota-celebro-80-anos-de-su-creacion","status":"publish","type":"post","link":"https:\/\/economiaconedmer.com\/economiaenserio\/08\/23\/la-lonja-de-propiedad-raiz-de-bogota-celebro-80-anos-de-su-creacion\/corticas\/2025\/","title":{"rendered":"La Lonja de Propiedad Ra\u00edz de Bogot\u00e1 celebr\u00f3 80 a\u00f1os de su creaci\u00f3n"},"content":{"rendered":"\n<p><strong>Bogot\u00e1, agosto de 2025.<\/strong> La Lonja de Bogot\u00e1, la agremiaci\u00f3n inmobiliaria m\u00e1s antigua de Colombia, celebr\u00f3 el viernes 22 de agosto  sus 80 a\u00f1os de fundaci\u00f3n, en un evento que se realiz\u00f3 en el Country Club de Bogot\u00e1, con la presencia de representantes del sector. Desde su creaci\u00f3n en 1945, la Lonja ha sido motor de cambio y progreso de la ciudad . Naci\u00f3 para dignificar, profesionalizar y fortalecer la actividad inmobiliaria, y hoy, ocho d\u00e9cadas despu\u00e9s, la Lonja de Bogot\u00e1 se ha convertido en una comunidad que forma, orienta y conecta. Que impulsa la \u00e9tica, la profesionalizaci\u00f3n, y eleva los est\u00e1ndares del sector.<\/p>\n","protected":false},"excerpt":{"rendered":"<p>Bogot\u00e1, agosto de 2025. La Lonja de Bogot\u00e1, la agremiaci\u00f3n inmobiliaria m\u00e1s antigua de Colombia, celebr\u00f3 el viernes 22 de agosto sus 80 a\u00f1os de fundaci\u00f3n, en un evento que se realiz\u00f3 en el Country Club de Bogot\u00e1, con la presencia de representantes del sector. Desde su creaci\u00f3n en 1945, la Lonja ha sido motor&#8230;<\/p>\n","protected":false},"author":9,"featured_media":0,"comment_status":"closed","ping_status":"closed","sticky":false,"template":"","format":"standard","meta":{"_FSMCFIC_featured_image_caption":"","_FSMCFIC_featured_image_nocaption":"","_FSMCFIC_featured_image_hide":"","footnotes":""},"categories":[23],"tags":[],"class_list":["post-16690","post","type-post","status-publish","format-standard","hentry","category-corticas"],"_links":{"self":[{"href":"https:\/\/economiaconedmer.com\/economiaenserio\/wp-json\/wp\/v2\/posts\/16690","targetHints":{"allow":["GET"]}}],"collection":[{"href":"https:\/\/economiaconedmer.com\/economiaenserio\/wp-json\/wp\/v2\/posts"}],"about":[{"href":"https:\/\/economiaconedmer.com\/economiaenserio\/wp-json\/wp\/v2\/types\/post"}],"author":[{"embeddable":true,"href":"https:\/\/economiaconedmer.com\/economiaenserio\/wp-json\/wp\/v2\/users\/9"}],"replies":[{"embeddable":true,"href":"https:\/\/economiaconedmer.com\/economiaenserio\/wp-json\/wp\/v2\/comments?post=16690"}],"version-history":[{"count":1,"href":"https:\/\/economiaconedmer.com\/economiaenserio\/wp-json\/wp\/v2\/posts\/16690\/revisions"}],"predecessor-version":[{"id":16691,"href":"https:\/\/economiaconedmer.com\/economiaenserio\/wp-json\/wp\/v2\/posts\/16690\/revisions\/16691"}],"wp:attachment":[{"href":"https:\/\/economiaconedmer.com\/economiaenserio\/wp-json\/wp\/v2\/media?parent=16690"}],"wp:term":[{"taxonomy":"category","embeddable":true,"href":"https:\/\/economiaconedmer.com\/economiaenserio\/wp-json\/wp\/v2\/categories?post=16690"},{"taxonomy":"post_tag","embeddable":true,"href":"https:\/\/economiaconedmer.com\/economiaenserio\/wp-json\/wp\/v2\/tags?post=16690"}],"curies":[{"name":"wp","href":"https:\/\/api.w.org\/{rel}","templated":true}]}}