{"id":16685,"date":"2025-08-21T20:40:17","date_gmt":"2025-08-22T01:40:17","guid":{"rendered":"https:\/\/economiaconedmer.com\/economiaenserio\/?p=16685"},"modified":"2025-08-21T20:40:38","modified_gmt":"2025-08-22T01:40:38","slug":"bonanza-cafetera-ahora-hay-mas-cafe-y-a-mejor-precio","status":"publish","type":"post","link":"https:\/\/economiaconedmer.com\/economiaenserio\/08\/21\/bonanza-cafetera-ahora-hay-mas-cafe-y-a-mejor-precio\/el_bolsillo\/2025\/","title":{"rendered":"Bonanza cafetera: ahora hay m\u00e1s caf\u00e9 y a mejor precio"},"content":{"rendered":"\n<p>El precio interno del caf\u00e9 en Colombia regres\u00f3 a tres millones de pesos la carga, en v\u00edsperas de iniciar la recolecci\u00f3n de la cosecha principal del 2025, que iniciar\u00e1 a mediados de septiembre pr\u00f3ximo y se extender\u00e1 hasta comienzos de noviembre. <\/p>\n\n\n\n<p>La cosecha del segundo semestre es especialmente fuerte en los departamentos de Antioquia, Caldas, Risaralda y Quind\u00edo, aunque tambi\u00e9n ser\u00e1 significativa en el eje cafetero de Huila, Cauca y Nari\u00f1o, a pesar de en estos \u00faltimos departamentos el grueso de la producci\u00f3n del a\u00f1o se registra entre abril y junio de cada a\u00f1o.<\/p>\n\n\n\n<p>El buen momento de los cafeteros se registra debido a que, este a\u00f1o, los precios se han mantenido por encima de los 2,5 millones de pesos la carga, al tiempo que la producci\u00f3n se ha incrementado, gracias a factores como la renovaci\u00f3n realizada en los a\u00f1os anteriores, el buen comportamiento del clima, y el incremento de las buenas pr\u00e1cticas de cultivo, auspiciadas por el mejoramiento del ingreso de los cultivadores. \u00abComo hemos tenido buenos precios, los cafeteros estamos en capacidad de comprar fertilizantes y realizar las deshierbas necesarias, con lo cual es posible lograr mejores cosechas\u00bb, asegur\u00f3 Dagoberto Cu\u00e9llar, cultivador de la vereda Criollo del municipio de Pitalito, que ostenta el t\u00edtulo de mayor productor nacional del grano.<\/p>\n\n\n\n<p>El panorama permite asegurar que la econom\u00eda cafetera est\u00e1 ante una verdadera bonanza, debido al buen comportamiento de la cotizaci\u00f3n internacional del grano, que ayer se ubic\u00f3 en 3,65 d\u00f3lares la libra, en la Bolsa de Nueva York. <\/p>\n\n\n\n<p>Expertos sostienen que la producci\u00f3n nacional del grano superar\u00e1 este a\u00f1o los 14 millones de sacos, mientras que en 2024 ascendi\u00f3 a 13,9 millones de sacos. De hecho, a julio pasado, la producci\u00f3n acumulada en los \u00faltimos 12 meses fue de 14,6 millones de sacos. Sin embargo, algunos analistas cafeteros afirman que la producci\u00f3n de la segunda mitad del a\u00f1o pudo verse afectada por las lluvias registradas durante el periodo de floraci\u00f3n, en la mayor\u00eda de las zonas cafeteras.<\/p>\n\n\n\n<p>Los buenos precios internacionales obedecen a la menor oferta del grano, debido principalmente a la reducci\u00f3n de las cosechas de pa\u00edses reconocidos como grandes productores, entre ellos Brasil, al igual que al incremento del consumo a nivel global.   <\/p>\n\n\n\n<p><\/p>\n","protected":false},"excerpt":{"rendered":"<p>El precio interno del caf\u00e9 en Colombia regres\u00f3 a tres millones de pesos la carga, en v\u00edsperas de iniciar la recolecci\u00f3n de la cosecha principal del 2025, que iniciar\u00e1 a mediados de septiembre pr\u00f3ximo y se extender\u00e1 hasta comienzos de noviembre. La cosecha del segundo semestre es especialmente fuerte en los departamentos de Antioquia, Caldas,&#8230;<\/p>\n","protected":false},"author":5,"featured_media":16686,"comment_status":"closed","ping_status":"closed","sticky":false,"template":"","format":"standard","meta":{"_FSMCFIC_featured_image_caption":"","_FSMCFIC_featured_image_nocaption":"","_FSMCFIC_featured_image_hide":"","footnotes":""},"categories":[2],"tags":[],"class_list":["post-16685","post","type-post","status-publish","format-standard","has-post-thumbnail","hentry","category-el_bolsillo"],"_links":{"self":[{"href":"https:\/\/economiaconedmer.com\/economiaenserio\/wp-json\/wp\/v2\/posts\/16685","targetHints":{"allow":["GET"]}}],"collection":[{"href":"https:\/\/economiaconedmer.com\/economiaenserio\/wp-json\/wp\/v2\/posts"}],"about":[{"href":"https:\/\/economiaconedmer.com\/economiaenserio\/wp-json\/wp\/v2\/types\/post"}],"author":[{"embeddable":true,"href":"https:\/\/economiaconedmer.com\/economiaenserio\/wp-json\/wp\/v2\/users\/5"}],"replies":[{"embeddable":true,"href":"https:\/\/economiaconedmer.com\/economiaenserio\/wp-json\/wp\/v2\/comments?post=16685"}],"version-history":[{"count":1,"href":"https:\/\/economiaconedmer.com\/economiaenserio\/wp-json\/wp\/v2\/posts\/16685\/revisions"}],"predecessor-version":[{"id":16687,"href":"https:\/\/economiaconedmer.com\/economiaenserio\/wp-json\/wp\/v2\/posts\/16685\/revisions\/16687"}],"wp:featuredmedia":[{"embeddable":true,"href":"https:\/\/economiaconedmer.com\/economiaenserio\/wp-json\/wp\/v2\/media\/16686"}],"wp:attachment":[{"href":"https:\/\/economiaconedmer.com\/economiaenserio\/wp-json\/wp\/v2\/media?parent=16685"}],"wp:term":[{"taxonomy":"category","embeddable":true,"href":"https:\/\/economiaconedmer.com\/economiaenserio\/wp-json\/wp\/v2\/categories?post=16685"},{"taxonomy":"post_tag","embeddable":true,"href":"https:\/\/economiaconedmer.com\/economiaenserio\/wp-json\/wp\/v2\/tags?post=16685"}],"curies":[{"name":"wp","href":"https:\/\/api.w.org\/{rel}","templated":true}]}}