{"id":16682,"date":"2025-08-21T20:04:59","date_gmt":"2025-08-22T01:04:59","guid":{"rendered":"https:\/\/economiaconedmer.com\/economiaenserio\/?p=16682"},"modified":"2025-08-21T20:04:59","modified_gmt":"2025-08-22T01:04:59","slug":"pymes-del-suroccidente-se-capacitan-en-sostenibilidad-y-gestion","status":"publish","type":"post","link":"https:\/\/economiaconedmer.com\/economiaenserio\/08\/21\/pymes-del-suroccidente-se-capacitan-en-sostenibilidad-y-gestion\/el_resto\/2025\/","title":{"rendered":"Pymes del suroccidente se capacitan en sostenibilidad y gesti\u00f3n"},"content":{"rendered":"\n<p><strong>Cali,\u00a0<\/strong><strong>agosto 21<\/strong><strong>\u00a0de 2025.<\/strong>\u00a0Un grupo de 40 peque\u00f1as y medianas empresas del suroccidente colombiano inici\u00f3 formaci\u00f3n\u00a0para\u00a0fortalecer\u00a0la\u00a0gesti\u00f3n financiera, comercial, ambiental y operativa. La iniciativa, que se extender\u00e1 por seis meses, busca mejorar la competitividad de estas\u00a0organizaciones, la mayor\u00eda de ellas\u00a0pymes, ubicadas en zonas de influencia agr\u00edcola\u00a0del Valle del Cauca\u00a0y Cauca.<\/p>\n\n\n\n<p>El programa se desarrolla en alianza con la C\u00e1mara de Comercio de Palmira y contempla m\u00f3dulos sobre contabilidad, mercadeo, sostenibilidad ambiental, sistemas de gesti\u00f3n e indicadores de desempe\u00f1o, adem\u00e1s de asesor\u00edas personalizadas para implementar mejoras reales en cada empresa.<\/p>\n\n\n\n<p>\u201c<em>En la primera sesi\u00f3n vimos temas de liderazgo, es estupendo porque me gusta mucho y podemos trasladarlo a nuestros colaboradores y equipos. La expectativa es tener una mejora continua en nuestros procesos<\/em>\u201d, coment\u00f3 Margarita Lazo, una de las participantes.<\/p>\n\n\n\n<p>Esta&nbsp;formaci\u00f3n&nbsp;hace parte del programa \u2018RioAliados\u2019, liderado por Riopaila Castilla desde 2022, con el que ya se han acompa\u00f1ado&nbsp;la formaci\u00f3n de&nbsp;107 empresas en los municipios donde opera. Seg\u00fan c\u00e1lculos de Fedesarrollo (2019), la cadena de abastecimiento de Riopaila Castilla genera aproximadamente&nbsp;<strong>55 mil empleos indirectos<\/strong>, lo que ratifica la importancia de este tipo de iniciativas para dinamizar las econom\u00edas locales y aportar al tejido empresarial regional.<\/p>\n\n\n\n<p>\u201c<em>Lo que buscamos con&nbsp;<\/em><em>este acompa\u00f1amiento es que&nbsp;<\/em><em>las<\/em><em>&nbsp;em<\/em><em>presas&nbsp;<\/em><em>que hacen parte de nuestra cadena de abastecimiento puedan cerrar&nbsp;<\/em><em>brechas en \u00e1reas administrativas<\/em><em>&nbsp;y comerciales,<\/em><em>&nbsp;pero que<\/em><em>&nbsp;tambi\u00e9n<\/em><em>&nbsp;se sumen a&nbsp;<\/em><em>implementar<\/em><em>&nbsp;pr\u00e1cticas&nbsp;<\/em><em>sociales y ambientales que honren los principios de la sostenibilidad<\/em><em>, para que puedan ser&nbsp;<\/em><em>m\u00e1s atractivas para el mercado&nbsp;<\/em><em>a la hora de ejercer su rol&nbsp;<\/em><em>como proveedores y sean<\/em><em>&nbsp;<\/em><em>m\u00e1s&nbsp;<\/em><em>competitiv<\/em><em>a<\/em><em>s en otros sectores econ\u00f3micos<\/em>\u201d, asegur\u00f3 Guillermo Carvajal,&nbsp;gerente de Asuntos Corporativos&nbsp;de&nbsp;Riopaila Castilla.<\/p>\n\n\n\n<p><\/p>\n","protected":false},"excerpt":{"rendered":"<p>Cali,\u00a0agosto 21\u00a0de 2025.\u00a0Un grupo de 40 peque\u00f1as y medianas empresas del suroccidente colombiano inici\u00f3 formaci\u00f3n\u00a0para\u00a0fortalecer\u00a0la\u00a0gesti\u00f3n financiera, comercial, ambiental y operativa. La iniciativa, que se extender\u00e1 por seis meses, busca mejorar la competitividad de estas\u00a0organizaciones, la mayor\u00eda de ellas\u00a0pymes, ubicadas en zonas de influencia agr\u00edcola\u00a0del Valle del Cauca\u00a0y Cauca. El programa se desarrolla en alianza con&#8230;<\/p>\n","protected":false},"author":5,"featured_media":16683,"comment_status":"closed","ping_status":"closed","sticky":false,"template":"","format":"standard","meta":{"_FSMCFIC_featured_image_caption":"","_FSMCFIC_featured_image_nocaption":"","_FSMCFIC_featured_image_hide":"","footnotes":""},"categories":[22],"tags":[],"class_list":["post-16682","post","type-post","status-publish","format-standard","has-post-thumbnail","hentry","category-el_resto"],"_links":{"self":[{"href":"https:\/\/economiaconedmer.com\/economiaenserio\/wp-json\/wp\/v2\/posts\/16682","targetHints":{"allow":["GET"]}}],"collection":[{"href":"https:\/\/economiaconedmer.com\/economiaenserio\/wp-json\/wp\/v2\/posts"}],"about":[{"href":"https:\/\/economiaconedmer.com\/economiaenserio\/wp-json\/wp\/v2\/types\/post"}],"author":[{"embeddable":true,"href":"https:\/\/economiaconedmer.com\/economiaenserio\/wp-json\/wp\/v2\/users\/5"}],"replies":[{"embeddable":true,"href":"https:\/\/economiaconedmer.com\/economiaenserio\/wp-json\/wp\/v2\/comments?post=16682"}],"version-history":[{"count":1,"href":"https:\/\/economiaconedmer.com\/economiaenserio\/wp-json\/wp\/v2\/posts\/16682\/revisions"}],"predecessor-version":[{"id":16684,"href":"https:\/\/economiaconedmer.com\/economiaenserio\/wp-json\/wp\/v2\/posts\/16682\/revisions\/16684"}],"wp:featuredmedia":[{"embeddable":true,"href":"https:\/\/economiaconedmer.com\/economiaenserio\/wp-json\/wp\/v2\/media\/16683"}],"wp:attachment":[{"href":"https:\/\/economiaconedmer.com\/economiaenserio\/wp-json\/wp\/v2\/media?parent=16682"}],"wp:term":[{"taxonomy":"category","embeddable":true,"href":"https:\/\/economiaconedmer.com\/economiaenserio\/wp-json\/wp\/v2\/categories?post=16682"},{"taxonomy":"post_tag","embeddable":true,"href":"https:\/\/economiaconedmer.com\/economiaenserio\/wp-json\/wp\/v2\/tags?post=16682"}],"curies":[{"name":"wp","href":"https:\/\/api.w.org\/{rel}","templated":true}]}}