{"id":16656,"date":"2025-08-21T19:10:42","date_gmt":"2025-08-22T00:10:42","guid":{"rendered":"https:\/\/economiaconedmer.com\/economiaenserio\/?p=16656"},"modified":"2025-08-21T19:11:03","modified_gmt":"2025-08-22T00:11:03","slug":"wialon-impulsa-la-digitalizacion-de-flotas","status":"publish","type":"post","link":"https:\/\/economiaconedmer.com\/economiaenserio\/08\/21\/wialon-impulsa-la-digitalizacion-de-flotas\/digital\/2025\/","title":{"rendered":"Wialon impulsa la digitalizaci\u00f3n de flotas"},"content":{"rendered":"\n<p><strong>Bogot\u00e1, 21 de agosto 2025.<\/strong> En la<a href=\"https:\/\/wialon.com\/es\/blog\/wialon-is-heading-to-international-security-fair-in-colombia\"> 31.\u00aa Feria Internacional de Seguridad ESS+<\/a> que se realizar\u00e1 en Corferias, de Bogot\u00e1, del 27 al 29 de agosto de 2025 bajo el lema \u00abTecnolog\u00eda que protege\u00bb, ser\u00e1 presentada la plataforma global de digitalizaci\u00f3n de flotas Wialon. El evento reunir\u00e1 a fabricantes, autoridades gubernamentales y expertos para presentar innovaciones en inteligencia artificial, ciberseguridad, gesti\u00f3n de activos y protecci\u00f3n perimetral.<\/p>\n\n\n\n<p>La plataforma vers\u00e1til Wialon fue creada para satisfacer las necesidades del mercado y apoyar a las empresas en su camino hacia la digitalizaci\u00f3n completa de sus flotas. La plataforma rastrea actualmente m\u00e1s de 4.2 millones de veh\u00edculos en todo el mundo, incluidos m\u00e1s de 640.000 en Sudam\u00e9rica y M\u00e9xico, y cuenta con la confianza de m\u00e1s de 2.000 flotas solo en Colombia. Desde la log\u00edstica y la construcci\u00f3n hasta la seguridad p\u00fablica y la infraestructura, la plataforma ayuda a las empresas a mejorar la visibilidad, reducir los riesgos e impulsar la transformaci\u00f3n digital en sectores cr\u00edticos.<\/p>\n\n\n\n<p>\u00abEsta es una oportunidad para conectar con socios, conocer a otros profesionales y contribuir al crecimiento del sector de la gesti\u00f3n de flotas\u00bb, afirm\u00f3 Aliaksandr Kuushynau, director de Wialon. \u00abColombia se destaca como un mercado din\u00e1mico y en r\u00e1pida evoluci\u00f3n en Am\u00e9rica Latina, y estamos orgullosos de apoyar a sus flotas p\u00fablicas y privadas para que alcancen una mayor seguridad, cumplimiento normativo y transformaci\u00f3n digital a trav\u00e9s de una tecnolog\u00eda accesible y escalable\u00bb.<\/p>\n\n\n\n<p><strong>Seguridad y competitividad<br><\/strong>\u00a0En Colombia, las flotas p\u00fablicas y privadas con 10 o m\u00e1s veh\u00edculos deben cumplir con la Resoluci\u00f3n 40595 del Ministerio de Transporte, alineada con el Plan Nacional de Seguridad Vial (PNSV 2022\u20132031). Yuma, una empresa colombiana que gestiona infraestructura vial y servicios de atenci\u00f3n a emergencias  integr\u00f3 un sistema de monitoreo impulsado por Wialon y desarrollado por un socio local. De esta manera, Yuma elimin\u00f3 los reportes manuales, redujo los costos de combustible y de tiempo de respuesta, y habilit\u00f3 la coordinaci\u00f3n en tiempo real de las unidades de emergencia. Ahora, los conductores pueden reportar accidentes al instante a trav\u00e9s de una aplicaci\u00f3n m\u00f3vil, mientras los despachadores env\u00edan la asistencia adecuada con base en datos verificados, mejorando la seguridad y acelerando la atenci\u00f3n de incidentes.<\/p>\n\n\n\n<p>En la feria ser\u00e1 presentado el centro de gesti\u00f3n de flotas, un espacio interactivo creado en torno a casos de uso reales, asociaciones regionales y experiencia pr\u00e1ctica. Los visitantes podr\u00e1n explorar lam plataforma en acci\u00f3n, conectar con ejecutivos y expertos de la empresa y descubrir soluciones de hardware integradas de seis socios tecnol\u00f3gicos globales. <\/p>\n\n\n\n<p><\/p>\n","protected":false},"excerpt":{"rendered":"<p>Bogot\u00e1, 21 de agosto 2025. En la 31.\u00aa Feria Internacional de Seguridad ESS+ que se realizar\u00e1 en Corferias, de Bogot\u00e1, del 27 al 29 de agosto de 2025 bajo el lema \u00abTecnolog\u00eda que protege\u00bb, ser\u00e1 presentada la plataforma global de digitalizaci\u00f3n de flotas Wialon. El evento reunir\u00e1 a fabricantes, autoridades gubernamentales y expertos para presentar&#8230;<\/p>\n","protected":false},"author":5,"featured_media":16657,"comment_status":"closed","ping_status":"closed","sticky":false,"template":"","format":"standard","meta":{"_FSMCFIC_featured_image_caption":"","_FSMCFIC_featured_image_nocaption":"","_FSMCFIC_featured_image_hide":"","footnotes":""},"categories":[5],"tags":[],"class_list":["post-16656","post","type-post","status-publish","format-standard","has-post-thumbnail","hentry","category-digital"],"_links":{"self":[{"href":"https:\/\/economiaconedmer.com\/economiaenserio\/wp-json\/wp\/v2\/posts\/16656","targetHints":{"allow":["GET"]}}],"collection":[{"href":"https:\/\/economiaconedmer.com\/economiaenserio\/wp-json\/wp\/v2\/posts"}],"about":[{"href":"https:\/\/economiaconedmer.com\/economiaenserio\/wp-json\/wp\/v2\/types\/post"}],"author":[{"embeddable":true,"href":"https:\/\/economiaconedmer.com\/economiaenserio\/wp-json\/wp\/v2\/users\/5"}],"replies":[{"embeddable":true,"href":"https:\/\/economiaconedmer.com\/economiaenserio\/wp-json\/wp\/v2\/comments?post=16656"}],"version-history":[{"count":1,"href":"https:\/\/economiaconedmer.com\/economiaenserio\/wp-json\/wp\/v2\/posts\/16656\/revisions"}],"predecessor-version":[{"id":16658,"href":"https:\/\/economiaconedmer.com\/economiaenserio\/wp-json\/wp\/v2\/posts\/16656\/revisions\/16658"}],"wp:featuredmedia":[{"embeddable":true,"href":"https:\/\/economiaconedmer.com\/economiaenserio\/wp-json\/wp\/v2\/media\/16657"}],"wp:attachment":[{"href":"https:\/\/economiaconedmer.com\/economiaenserio\/wp-json\/wp\/v2\/media?parent=16656"}],"wp:term":[{"taxonomy":"category","embeddable":true,"href":"https:\/\/economiaconedmer.com\/economiaenserio\/wp-json\/wp\/v2\/categories?post=16656"},{"taxonomy":"post_tag","embeddable":true,"href":"https:\/\/economiaconedmer.com\/economiaenserio\/wp-json\/wp\/v2\/tags?post=16656"}],"curies":[{"name":"wp","href":"https:\/\/api.w.org\/{rel}","templated":true}]}}