{"id":16652,"date":"2025-08-20T20:29:15","date_gmt":"2025-08-21T01:29:15","guid":{"rendered":"https:\/\/economiaconedmer.com\/economiaenserio\/?p=16652"},"modified":"2025-08-20T20:29:15","modified_gmt":"2025-08-21T01:29:15","slug":"bogota-laboratorio-de-movilidad-limpia","status":"publish","type":"post","link":"https:\/\/economiaconedmer.com\/economiaenserio\/08\/20\/bogota-laboratorio-de-movilidad-limpia\/el_resto\/2025\/","title":{"rendered":"Bogot\u00e1, laboratorio de movilidad limpia"},"content":{"rendered":"\n<p><strong>Bogot\u00e1, agosto 20 de 2025.<\/strong>\u00a0En medio de los desaf\u00edos de congesti\u00f3n y calidad del aire que enfrenta,\u00a0Bogot\u00e1 se posiciona como el gran laboratorio de movilidad limpia de Colombia. Como parte de este esfuerzo, la capital ser\u00e1 la sede de la\u00a01\u00aa Expoferia de Veh\u00edculos El\u00e9ctricos e H\u00edbridos 2025, que se llevar\u00e1 a cabo del\u00a021 al 24 de agosto\u00a0en el\u00a0Centro Comercial Carrera.<\/p>\n\n\n\n<p>La feria reunir\u00e1 a las principales marcas del sector, entre ellas\u00a0GAC, BYD, JAC, Cupra, MG, Ford, Chevrolet y Smart, y se convertir\u00e1 en el epicentro para presentar soluciones que promuevan un transporte m\u00e1s eficiente, seguro y sostenible para la ciudad y el pa\u00eds.<\/p>\n\n\n\n<p>Con una poblaci\u00f3n de m\u00e1s de ocho millones de habitantes y uno de los mayores \u00edndices de congesti\u00f3n vehicular de la regi\u00f3n, Bogot\u00e1 representa un escenario clave para\u00a0probar, implementar y escalar nuevas tecnolog\u00edas de movilidad el\u00e9ctrica e h\u00edbrida. La Expoferia ser\u00e1 el espacio para impulsar corredores el\u00e9ctricos, fortalecer la red de carga y fomentar el uso de alternativas de movilidad ligera como bicicletas, patinetas y motocicletas el\u00e9ctricas.<\/p>\n\n\n\n<p>Adem\u00e1s, servir\u00e1 como punto de encuentro para visibilizar la necesidad de generar\u00a0estad\u00edsticas oficiales sobre micromovilidad el\u00e9ctrica, un segmento en r\u00e1pido crecimiento que ya transforma la manera en que los ciudadanos se desplazan diariamente.<\/p>\n\n\n\n<p>Datos que muestran el cambio<\/p>\n\n\n\n<p>El dinamismo del mercado respalda esta transici\u00f3n:<\/p>\n\n\n\n<p>\u2022\u00a0En\u00a02024, las ventas de veh\u00edculos el\u00e9ctricos crecieron un\u00a0150 %, alcanzando\u00a09.178 unidades, mientras que los h\u00edbridos llegaron a\u00a042.668 (+53,4 %).<\/p>\n\n\n\n<p>\u2022\u00a0En el\u00a0primer semestre de 2025, se vendieron\u00a032.852 veh\u00edculos electrificados\u00a0en el pa\u00eds, un incremento del\u00a067,7 %\u00a0frente al mismo per\u00edodo de 2024.<\/p>\n\n\n\n<p>\u2022&nbsp;Bogot\u00e1 concentra una parte importante de estas matr\u00edculas y es referente regional en la adopci\u00f3n de buses el\u00e9ctricos, lo que refuerza su papel como ciudad pionera en movilidad sostenible.<\/p>\n\n\n\n<p>M\u00e1s que una feria: un movimiento ciudadano<\/p>\n\n\n\n<p>La\u00a0Expoferia\u00a0ser\u00e1 un espacio de exhibici\u00f3n, pero tambi\u00e9n de\u00a0conciencia y educaci\u00f3n ciudadana. Contar\u00e1 con una agenda acad\u00e9mica y cultural orientada a temas como salud\u00a0urbana, calidad del aire, innovaci\u00f3n tecnol\u00f3gica e infraestructura verde, con actividades para toda la familia.<\/p>\n\n\n\n<p>\u201cBogot\u00e1 tiene el potencial de liderar la movilidad sostenible en Am\u00e9rica Latina. Esta feria es un hito para acelerar esa transformaci\u00f3n y demostrar que las soluciones ya est\u00e1n al alcance de los ciudadanos\u201d, asegur\u00f3\u00a0C\u00e9sar Hern\u00e1ndez, gerente del Centro Comercial Carrera, organizador del evento.<\/p>\n\n\n\n<p>La entrada ser\u00e1\u00a0gratuita, y quienes adquieran un veh\u00edculo en la feria recibir\u00e1n beneficios exclusivos como\u00a01.000 kWh o seis meses de carga gratuita, adem\u00e1s de descuentos especiales ofrecidos por las marcas.<\/p>\n\n\n\n<p>Con la\u00a01\u00aa Expoferia de Veh\u00edculos El\u00e9ctricos e H\u00edbridos 2025, Bogot\u00e1 reafirma su rol como\u00a0laboratorio de movilidad limpia, y Colombia avanza en su camino hacia un transporte urbano sostenible, innovador y alineado con los compromisos globales de mitigaci\u00f3n del cambio clim\u00e1tico.<\/p>\n","protected":false},"excerpt":{"rendered":"<p>Bogot\u00e1, agosto 20 de 2025.\u00a0En medio de los desaf\u00edos de congesti\u00f3n y calidad del aire que enfrenta,\u00a0Bogot\u00e1 se posiciona como el gran laboratorio de movilidad limpia de Colombia. Como parte de este esfuerzo, la capital ser\u00e1 la sede de la\u00a01\u00aa Expoferia de Veh\u00edculos El\u00e9ctricos e H\u00edbridos 2025, que se llevar\u00e1 a cabo del\u00a021 al 24&#8230;<\/p>\n","protected":false},"author":5,"featured_media":16653,"comment_status":"closed","ping_status":"closed","sticky":false,"template":"","format":"standard","meta":{"_FSMCFIC_featured_image_caption":"","_FSMCFIC_featured_image_nocaption":"","_FSMCFIC_featured_image_hide":"","footnotes":""},"categories":[22],"tags":[],"class_list":["post-16652","post","type-post","status-publish","format-standard","has-post-thumbnail","hentry","category-el_resto"],"_links":{"self":[{"href":"https:\/\/economiaconedmer.com\/economiaenserio\/wp-json\/wp\/v2\/posts\/16652","targetHints":{"allow":["GET"]}}],"collection":[{"href":"https:\/\/economiaconedmer.com\/economiaenserio\/wp-json\/wp\/v2\/posts"}],"about":[{"href":"https:\/\/economiaconedmer.com\/economiaenserio\/wp-json\/wp\/v2\/types\/post"}],"author":[{"embeddable":true,"href":"https:\/\/economiaconedmer.com\/economiaenserio\/wp-json\/wp\/v2\/users\/5"}],"replies":[{"embeddable":true,"href":"https:\/\/economiaconedmer.com\/economiaenserio\/wp-json\/wp\/v2\/comments?post=16652"}],"version-history":[{"count":1,"href":"https:\/\/economiaconedmer.com\/economiaenserio\/wp-json\/wp\/v2\/posts\/16652\/revisions"}],"predecessor-version":[{"id":16654,"href":"https:\/\/economiaconedmer.com\/economiaenserio\/wp-json\/wp\/v2\/posts\/16652\/revisions\/16654"}],"wp:featuredmedia":[{"embeddable":true,"href":"https:\/\/economiaconedmer.com\/economiaenserio\/wp-json\/wp\/v2\/media\/16653"}],"wp:attachment":[{"href":"https:\/\/economiaconedmer.com\/economiaenserio\/wp-json\/wp\/v2\/media?parent=16652"}],"wp:term":[{"taxonomy":"category","embeddable":true,"href":"https:\/\/economiaconedmer.com\/economiaenserio\/wp-json\/wp\/v2\/categories?post=16652"},{"taxonomy":"post_tag","embeddable":true,"href":"https:\/\/economiaconedmer.com\/economiaenserio\/wp-json\/wp\/v2\/tags?post=16652"}],"curies":[{"name":"wp","href":"https:\/\/api.w.org\/{rel}","templated":true}]}}