{"id":16636,"date":"2025-08-20T19:57:43","date_gmt":"2025-08-21T00:57:43","guid":{"rendered":"https:\/\/economiaconedmer.com\/economiaenserio\/?p=16636"},"modified":"2025-08-20T19:57:43","modified_gmt":"2025-08-21T00:57:43","slug":"weber-llega-a-medellin-con-su-nueva-tienda-en-el-retiro","status":"publish","type":"post","link":"https:\/\/economiaconedmer.com\/economiaenserio\/08\/20\/weber-llega-a-medellin-con-su-nueva-tienda-en-el-retiro\/el_resto\/2025\/","title":{"rendered":"Weber llega a Medell\u00edn con su nueva tienda en El Retiro"},"content":{"rendered":"\n<p><strong>Medell\u00edn, junio de 2025<\/strong>. Con una inversi\u00f3n cercana a los 400 millones de pesos Weber, l\u00edder mundial en parrillas y accesorios premium, anuncia la apertura de su nueva tienda en El Retiro, en la ciudad de Medell\u00edn, como parte de su estrategia de expansi\u00f3n en Colombia.<\/p>\n\n\n\n<p>Con esta apertura Weber suma su tienda n\u00famero tres en Colombia y completa 17 en Latinoam\u00e9rica, reforzando de esta manera, el compromiso con la innovaci\u00f3n, la calidad y la pasi\u00f3n por el asado, ofreciendo a los amantes de la gastronom\u00eda un espacio dedicado a experiencias culinarias de primer nivel.<\/p>\n\n\n\n<p>La nueva tienda contar\u00e1 con un \u00e1rea de 235 metros cuadrados, donde ofrecer\u00e1 casi 300 &nbsp;productos que incluyen parrillas, accesorios y soluciones inteligentes para asar. Sus parrillas est\u00e1n dise\u00f1adas con distintos mecanismos de cocci\u00f3n que se adaptan a todos los estilos de vida: donde se incorporan modelos el\u00e9ctricos, a gas con control preciso y tecnolog\u00eda GS4 y hasta cl\u00e1sicos asadores a carb\u00f3n que conservan el sabor tradicional.<\/p>\n\n\n\n<p>Con esta apertura Weber, le apuesta al mercado Antioque\u00f1o dando un paso estrat\u00e9gico, eligiendo una ciudad vibrante y en constante evoluci\u00f3n, donde la tradici\u00f3n y la modernidad se combinan en perfecta armon\u00eda. Esta ser\u00eda la segunda tienda de experiencias Weber ubicada en Medell\u00edn, en el 2024 hizo la apertura en el exclusivo centro comercial Le Mont.<\/p>\n\n\n\n<p>\u201c<strong>En Weber, no vendemos solo parrillas, creamos momentos memorables.<\/strong> Esta apertura refuerza nuestra visi\u00f3n de transformar el asado en una experiencia social, innovadora y conectada con la cultura local\u201d, afirma Adri\u00e1n Romero, vocero oficial de la compa\u00f1\u00eda.<\/p>\n\n\n\n<p><strong>Una propuesta de valor que enciende los sentidos<\/strong><\/p>\n\n\n\n<p>Los visitantes a la tienda encontrar\u00e1n:<\/p>\n\n\n\n<ul class=\"wp-block-list\">\n<li><strong>Tecnolog\u00eda de punta<\/strong> con parrillas inteligentes Weber Connect.<\/li>\n\n\n\n<li><strong>Calidad premium<\/strong> en productos dise\u00f1ados para durar y adaptarse a diversos espacios.<\/li>\n\n\n\n<li><strong>Eventos experienciales<\/strong> como talleres, demostraciones culinarias y encuentros gastron\u00f3micos liderados por chefs reconocidos.<\/li>\n\n\n\n<li>Una invitaci\u00f3n a vivir el asado como un estilo de vida, compartido con familiares, amigos y amantes de la buena cocina.<\/li>\n<\/ul>\n\n\n\n<p><strong>Una marca con sabor local y visi\u00f3n global<\/strong><\/p>\n\n\n\n<p>Weber busca posicionarse como la marca de referencia en el mundo del asado premium en Medell\u00edn, creando conexiones emocionales con la comunidad local y fortaleciendo su presencia en una regi\u00f3n clave para el crecimiento del negocio.<\/p>\n\n\n\n<p>La tienda en El Retiro es solo el comienzo de una serie de acciones pensadas para conquistar el coraz\u00f3n de los amantes de la gastronom\u00eda en Antioquia, consolidando un espacio donde se fusionan tecnolog\u00eda, tradici\u00f3n y pasi\u00f3n.<\/p>\n\n\n\n<p><\/p>\n","protected":false},"excerpt":{"rendered":"<p>Medell\u00edn, junio de 2025. Con una inversi\u00f3n cercana a los 400 millones de pesos Weber, l\u00edder mundial en parrillas y accesorios premium, anuncia la apertura de su nueva tienda en El Retiro, en la ciudad de Medell\u00edn, como parte de su estrategia de expansi\u00f3n en Colombia. Con esta apertura Weber suma su tienda n\u00famero tres&#8230;<\/p>\n","protected":false},"author":5,"featured_media":16637,"comment_status":"closed","ping_status":"closed","sticky":false,"template":"","format":"standard","meta":{"_FSMCFIC_featured_image_caption":"","_FSMCFIC_featured_image_nocaption":"","_FSMCFIC_featured_image_hide":"","footnotes":""},"categories":[22],"tags":[],"class_list":["post-16636","post","type-post","status-publish","format-standard","has-post-thumbnail","hentry","category-el_resto"],"_links":{"self":[{"href":"https:\/\/economiaconedmer.com\/economiaenserio\/wp-json\/wp\/v2\/posts\/16636","targetHints":{"allow":["GET"]}}],"collection":[{"href":"https:\/\/economiaconedmer.com\/economiaenserio\/wp-json\/wp\/v2\/posts"}],"about":[{"href":"https:\/\/economiaconedmer.com\/economiaenserio\/wp-json\/wp\/v2\/types\/post"}],"author":[{"embeddable":true,"href":"https:\/\/economiaconedmer.com\/economiaenserio\/wp-json\/wp\/v2\/users\/5"}],"replies":[{"embeddable":true,"href":"https:\/\/economiaconedmer.com\/economiaenserio\/wp-json\/wp\/v2\/comments?post=16636"}],"version-history":[{"count":1,"href":"https:\/\/economiaconedmer.com\/economiaenserio\/wp-json\/wp\/v2\/posts\/16636\/revisions"}],"predecessor-version":[{"id":16638,"href":"https:\/\/economiaconedmer.com\/economiaenserio\/wp-json\/wp\/v2\/posts\/16636\/revisions\/16638"}],"wp:featuredmedia":[{"embeddable":true,"href":"https:\/\/economiaconedmer.com\/economiaenserio\/wp-json\/wp\/v2\/media\/16637"}],"wp:attachment":[{"href":"https:\/\/economiaconedmer.com\/economiaenserio\/wp-json\/wp\/v2\/media?parent=16636"}],"wp:term":[{"taxonomy":"category","embeddable":true,"href":"https:\/\/economiaconedmer.com\/economiaenserio\/wp-json\/wp\/v2\/categories?post=16636"},{"taxonomy":"post_tag","embeddable":true,"href":"https:\/\/economiaconedmer.com\/economiaenserio\/wp-json\/wp\/v2\/tags?post=16636"}],"curies":[{"name":"wp","href":"https:\/\/api.w.org\/{rel}","templated":true}]}}