{"id":16626,"date":"2025-08-20T19:47:09","date_gmt":"2025-08-21T00:47:09","guid":{"rendered":"https:\/\/economiaconedmer.com\/economiaenserio\/?p=16626"},"modified":"2025-08-20T19:47:54","modified_gmt":"2025-08-21T00:47:54","slug":"colombia-rompe-record-en-ventas-de-vehiculos-electricos-e-hibridos","status":"publish","type":"post","link":"https:\/\/economiaconedmer.com\/economiaenserio\/08\/20\/colombia-rompe-record-en-ventas-de-vehiculos-electricos-e-hibridos\/el_resto\/2025\/","title":{"rendered":"Colombia rompe r\u00e9cord en ventas de veh\u00edculos el\u00e9ctricos e h\u00edbridos"},"content":{"rendered":"\n<p><strong>Bogot\u00e1 19 de agosto de 2025<\/strong>. Colombia vive un momento hist\u00f3rico en su transici\u00f3n hacia la movilidad sostenible. Seg\u00fan cifras oficiales del Registro \u00danico Nacional de Tr\u00e1nsito (RUNT), las matr\u00edculas iniciales de veh\u00edculos el\u00e9ctricos alcanzaron las&nbsp;42.615 unidades en 2024, un crecimiento del&nbsp;53,8 %&nbsp;frente al a\u00f1o anterior. El impulso no se detuvo: en el primer trimestre de 2025, las ventas de el\u00e9ctricos aumentaron un impresionante&nbsp;247 %, mientras que los h\u00edbridos registraron un incremento del&nbsp;53,4 %&nbsp;en 2024, de acuerdo con la Asociaci\u00f3n Nacional de Movilidad Sostenible (Andemos) y Asopartes.<\/p>\n\n\n\n<p>Estas cifras reflejan un cambio profundo en las preferencias de los colombianos, quienes cada vez m\u00e1s optan por tecnolog\u00edas limpias como los veh\u00edculos el\u00e9ctricos (EV), los h\u00edbridos el\u00e9ctricos (HEV) y los h\u00edbridos enchufables (PHEV). Marcas como&nbsp;BYD, KIA, Hyundai, Chevrolet, Ford y Volvoencabezan el mercado, con modelos que destacan por su eficiencia, autonom\u00eda y bajo impacto ambiental.<\/p>\n\n\n\n<figure class=\"wp-block-image size-large\"><img loading=\"lazy\" decoding=\"async\" width=\"300\" height=\"225\" src=\"https:\/\/economiaconedmer.com\/economiaenserio\/wp-content\/uploads\/2025\/08\/electricarro-300x225.jpg\" alt=\"\" class=\"wp-image-16629\" srcset=\"https:\/\/economiaconedmer.com\/economiaenserio\/wp-content\/uploads\/2025\/08\/electricarro-300x225.jpg 300w, https:\/\/economiaconedmer.com\/economiaenserio\/wp-content\/uploads\/2025\/08\/electricarro-250x188.jpg 250w, https:\/\/economiaconedmer.com\/economiaenserio\/wp-content\/uploads\/2025\/08\/electricarro.jpg 640w\" sizes=\"auto, (max-width: 300px) 100vw, 300px\" \/><\/figure>\n\n\n\n<p>En este contexto de crecimiento sin precedentes, Colombia se prepara para la&nbsp;Primera ExpoFeria de Veh\u00edculos El\u00e9ctricos e H\u00edbridos 2025, que se desarrollar\u00e1 del&nbsp;21 al 24 de agosto de 2025 en el Centro Comercial Carrera, en Bogot\u00e1. Este evento ser\u00e1 un escenario pionero para que las principales marcas \u2014incluyendo GAC, BYD, JAC, Hyundai, KIA, Chevrolet, Ford, BAIC, MG, Dongfeng, Cupra, Smart y Volvo\u2014 presenten sus m\u00e1s recientes innovaciones, proyecciones y soluciones para una movilidad m\u00e1s limpia.<\/p>\n\n\n\n<p>La ExpoFeria no solo se enfocar\u00e1 en veh\u00edculos, sino tambi\u00e9n en&nbsp;movilidad ligera el\u00e9ctrica&nbsp;como ciclomotores, scooters, patinetas y bicicletas, reconociendo que la transformaci\u00f3n del transporte va m\u00e1s all\u00e1 del autom\u00f3vil.<\/p>\n\n\n\n<p>\u201cEl auge de la electromovilidad en Colombia es una se\u00f1al clara de que estamos alineando nuestro desarrollo con los&nbsp;Objetivos de Desarrollo Sostenible (ODS). Reducir las emisiones, mejorar la calidad del aire y apostar por energ\u00edas limpias no es una tendencia pasajera, es una necesidad urgente\u201d, afirm\u00f3&nbsp;Cesar Hern\u00e1ndez, gerente del Centro Comercial Carrera y vocero oficial de la ExpoFeria de Veh\u00edculos El\u00e9ctricos e H\u00edbridos 2025.<\/p>\n\n\n\n<p>El evento ser\u00e1 una oportunidad \u00fanica para que el p\u00fablico, medios y expertos conozcan de primera mano las \u00faltimas tecnolog\u00edas, participen en pruebas de manejo y descubran c\u00f3mo&nbsp;la industria automotriz est\u00e1 contribuyendo a cumplir las metas globales de protecci\u00f3n del medio ambiente.<\/p>\n\n\n\n<p>Acerca de la ExpoFeria de Veh\u00edculos El\u00e9ctricos e H\u00edbridos 2025<strong>.&nbsp;<\/strong>La ExpoFeria es el primer evento en Colombia dedicado exclusivamente a la movilidad el\u00e9ctrica,&nbsp;h\u00edbrida&nbsp;y ligera. Su objetivo es fomentar el conocimiento, la adopci\u00f3n y el desarrollo de tecnolog\u00edas limpias en el pa\u00eds, impulsando un transporte m\u00e1s eficiente, seguro y sostenible.<\/p>\n","protected":false},"excerpt":{"rendered":"<p>Bogot\u00e1 19 de agosto de 2025. Colombia vive un momento hist\u00f3rico en su transici\u00f3n hacia la movilidad sostenible. Seg\u00fan cifras oficiales del Registro \u00danico Nacional de Tr\u00e1nsito (RUNT), las matr\u00edculas iniciales de veh\u00edculos el\u00e9ctricos alcanzaron las&nbsp;42.615 unidades en 2024, un crecimiento del&nbsp;53,8 %&nbsp;frente al a\u00f1o anterior. El impulso no se detuvo: en el primer trimestre&#8230;<\/p>\n","protected":false},"author":5,"featured_media":16627,"comment_status":"closed","ping_status":"closed","sticky":false,"template":"","format":"standard","meta":{"_FSMCFIC_featured_image_caption":"","_FSMCFIC_featured_image_nocaption":"","_FSMCFIC_featured_image_hide":"","footnotes":""},"categories":[22],"tags":[],"class_list":["post-16626","post","type-post","status-publish","format-standard","has-post-thumbnail","hentry","category-el_resto"],"_links":{"self":[{"href":"https:\/\/economiaconedmer.com\/economiaenserio\/wp-json\/wp\/v2\/posts\/16626","targetHints":{"allow":["GET"]}}],"collection":[{"href":"https:\/\/economiaconedmer.com\/economiaenserio\/wp-json\/wp\/v2\/posts"}],"about":[{"href":"https:\/\/economiaconedmer.com\/economiaenserio\/wp-json\/wp\/v2\/types\/post"}],"author":[{"embeddable":true,"href":"https:\/\/economiaconedmer.com\/economiaenserio\/wp-json\/wp\/v2\/users\/5"}],"replies":[{"embeddable":true,"href":"https:\/\/economiaconedmer.com\/economiaenserio\/wp-json\/wp\/v2\/comments?post=16626"}],"version-history":[{"count":2,"href":"https:\/\/economiaconedmer.com\/economiaenserio\/wp-json\/wp\/v2\/posts\/16626\/revisions"}],"predecessor-version":[{"id":16630,"href":"https:\/\/economiaconedmer.com\/economiaenserio\/wp-json\/wp\/v2\/posts\/16626\/revisions\/16630"}],"wp:featuredmedia":[{"embeddable":true,"href":"https:\/\/economiaconedmer.com\/economiaenserio\/wp-json\/wp\/v2\/media\/16627"}],"wp:attachment":[{"href":"https:\/\/economiaconedmer.com\/economiaenserio\/wp-json\/wp\/v2\/media?parent=16626"}],"wp:term":[{"taxonomy":"category","embeddable":true,"href":"https:\/\/economiaconedmer.com\/economiaenserio\/wp-json\/wp\/v2\/categories?post=16626"},{"taxonomy":"post_tag","embeddable":true,"href":"https:\/\/economiaconedmer.com\/economiaenserio\/wp-json\/wp\/v2\/tags?post=16626"}],"curies":[{"name":"wp","href":"https:\/\/api.w.org\/{rel}","templated":true}]}}