{"id":16553,"date":"2025-08-14T19:19:45","date_gmt":"2025-08-15T00:19:45","guid":{"rendered":"https:\/\/economiaconedmer.com\/economiaenserio\/?p=16553"},"modified":"2025-08-14T19:19:45","modified_gmt":"2025-08-15T00:19:45","slug":"asi-se-vivira-el-xxv-festival-de-la-colombianidad-en-tocancipa","status":"publish","type":"post","link":"https:\/\/economiaconedmer.com\/economiaenserio\/08\/14\/asi-se-vivira-el-xxv-festival-de-la-colombianidad-en-tocancipa\/corticas\/2025\/","title":{"rendered":"As\u00ed\u00a0se\u00a0vivir\u00e1 el XXV Festival de la Colombianidad en Tocancip\u00e1"},"content":{"rendered":"\n<p>&nbsp;Reconocido durante d\u00e9cadas como uno de los principales polos de desarrollo industrial de Cundinamarca, Tocancip\u00e1 se consolida hoy como un referente cultural de la regi\u00f3n. Del 12 al 21 de septiembre, el municipio ser\u00e1 escenario del XXV Festival de la Colombianidad,&nbsp;<em>la m\u00fasica, la cultura y la actividad l\u00fadica,&nbsp;<\/em>una celebraci\u00f3n que durante diez d\u00edas transformar\u00e1 a la Sabana Centro en el coraz\u00f3n cultural del pa\u00eds.<\/p>\n\n\n\n<p>M\u00e1s de 10 grandes eventos dar\u00e1n vida a esta edici\u00f3n, que reunir\u00e1 a miles de visitantes en concursos de bandas sinf\u00f3nicas y de marcha, galas de danza y teatro, exposiciones de arte, cert\u00e1menes de oralidad y poes\u00eda, conciertos y el gran desfile de la Colombianidad. En este \u00faltimo, m\u00e1s de 1.000 artistas llenar\u00e1n las calles con comparsas y carrozas que rinden homenaje a las fiestas m\u00e1s representativas de Colombia.<\/p>\n\n\n\n<p>Su impacto trasciende lo cultural: la celebraci\u00f3n impulsa la econom\u00eda local con una ocupaci\u00f3n hotelera del 100%, los ingresos de quienes viven del turismo, la gastronom\u00eda y el transporte aumentan hasta en un 70%. Adem\u00e1s, generar\u00e1 alrededor de 1.500 empleos directos e indirectos, ofreciendo oportunidades a m\u00fasicos, artistas, t\u00e9cnicos, productores, comerciantes y emprendedores locales.<\/p>\n","protected":false},"excerpt":{"rendered":"<p>&nbsp;Reconocido durante d\u00e9cadas como uno de los principales polos de desarrollo industrial de Cundinamarca, Tocancip\u00e1 se consolida hoy como un referente cultural de la regi\u00f3n. Del 12 al 21 de septiembre, el municipio ser\u00e1 escenario del XXV Festival de la Colombianidad,&nbsp;la m\u00fasica, la cultura y la actividad l\u00fadica,&nbsp;una celebraci\u00f3n que durante diez d\u00edas transformar\u00e1 a&#8230;<\/p>\n","protected":false},"author":5,"featured_media":16554,"comment_status":"closed","ping_status":"closed","sticky":false,"template":"","format":"standard","meta":{"_FSMCFIC_featured_image_caption":"","_FSMCFIC_featured_image_nocaption":"","_FSMCFIC_featured_image_hide":"","footnotes":""},"categories":[23],"tags":[],"class_list":["post-16553","post","type-post","status-publish","format-standard","has-post-thumbnail","hentry","category-corticas"],"_links":{"self":[{"href":"https:\/\/economiaconedmer.com\/economiaenserio\/wp-json\/wp\/v2\/posts\/16553","targetHints":{"allow":["GET"]}}],"collection":[{"href":"https:\/\/economiaconedmer.com\/economiaenserio\/wp-json\/wp\/v2\/posts"}],"about":[{"href":"https:\/\/economiaconedmer.com\/economiaenserio\/wp-json\/wp\/v2\/types\/post"}],"author":[{"embeddable":true,"href":"https:\/\/economiaconedmer.com\/economiaenserio\/wp-json\/wp\/v2\/users\/5"}],"replies":[{"embeddable":true,"href":"https:\/\/economiaconedmer.com\/economiaenserio\/wp-json\/wp\/v2\/comments?post=16553"}],"version-history":[{"count":1,"href":"https:\/\/economiaconedmer.com\/economiaenserio\/wp-json\/wp\/v2\/posts\/16553\/revisions"}],"predecessor-version":[{"id":16555,"href":"https:\/\/economiaconedmer.com\/economiaenserio\/wp-json\/wp\/v2\/posts\/16553\/revisions\/16555"}],"wp:featuredmedia":[{"embeddable":true,"href":"https:\/\/economiaconedmer.com\/economiaenserio\/wp-json\/wp\/v2\/media\/16554"}],"wp:attachment":[{"href":"https:\/\/economiaconedmer.com\/economiaenserio\/wp-json\/wp\/v2\/media?parent=16553"}],"wp:term":[{"taxonomy":"category","embeddable":true,"href":"https:\/\/economiaconedmer.com\/economiaenserio\/wp-json\/wp\/v2\/categories?post=16553"},{"taxonomy":"post_tag","embeddable":true,"href":"https:\/\/economiaconedmer.com\/economiaenserio\/wp-json\/wp\/v2\/tags?post=16553"}],"curies":[{"name":"wp","href":"https:\/\/api.w.org\/{rel}","templated":true}]}}