{"id":16473,"date":"2025-08-11T20:00:30","date_gmt":"2025-08-12T01:00:30","guid":{"rendered":"https:\/\/economiaconedmer.com\/economiaenserio\/?p=16473"},"modified":"2025-08-11T20:00:31","modified_gmt":"2025-08-12T01:00:31","slug":"regresa-a-bogota-el-fotomuseo-del-30-de-agosto-al-30-de-septiembre","status":"publish","type":"post","link":"https:\/\/economiaconedmer.com\/economiaenserio\/08\/11\/regresa-a-bogota-el-fotomuseo-del-30-de-agosto-al-30-de-septiembre\/el_resto\/2025\/","title":{"rendered":"Regresa a Bogot\u00e1 el Fotomuseo, del 30 de agosto al 30 de septiembre"},"content":{"rendered":"\n<p><strong>Bogot\u00e1, 11 de agosto de 2025<\/strong>. La capital colombiana se alista para el regreso de uno de los eventos m\u00e1s significativos de su cultura visual. Tras una pausa de seis a\u00f1os acentuada por la pandemia, el Fotomuseo, El Museo Nacional de la Fotograf\u00eda de Colombia, ha confirmado la novena edici\u00f3n de la Bienal Internacional, <em>Fotogr\u00e1fica Bogot\u00e1 2025<\/em>. <\/p>\n\n\n\n<p>Realizado en colaboraci\u00f3n con m\u00faltiples universidades, el evento retoma su trayectoria como una de las plataformas m\u00e1s cruciales para los fot\u00f3grafos del pa\u00eds y del mundo, tras haberse celebrado de forma ininterrumpida cada dos a\u00f1os hasta 2019.Una alianza tecnol\u00f3gica para el arte El retorno de la bienal se enmarca en un momento clave para el sector.<\/p>\n\n\n\n<p>Seg\u00fan las cifras m\u00e1s recientes publicadas por el DANE en su Cuenta Sat\u00e9lite de Cultura y Econom\u00eda Naranja, el aporte de esta industria en 2023 fue de $40,6 billones de pesos, lo que equivale al 2,87% del PIB nacional, con un notable crecimiento del 12,13% frente al a\u00f1o previo.<\/p>\n\n\n\n<p>\u00ab<em>Para nosotros es un honor y una responsabilidad apoyar espacios como Fotogr\u00e1fica Bogot\u00e1, que son vitales para el desarrollo cultural y creativo del pa\u00eds. Creemos firmemente que la tecnolog\u00eda es una aliada del arte y nuestra misi\u00f3n es proporcionar las herramientas de impresi\u00f3n de la m\u00e1s alta calidad para que la visi\u00f3n de los fot\u00f3grafos cobre vida. Respaldar esta bienal es reafirmar nuestro compromiso con la comunidad art\u00edstica colombiana<\/em>\u00ab, asegura Juanita Agudelo, gerente de mercadeo y ventas para negocios Industriales en Epson Colombia.<\/p>\n\n\n\n<p>El papel de la compa\u00f1\u00eda como aliada tecnol\u00f3gica ser\u00e1 fundamental, pues se encargar\u00e1 de la impresi\u00f3n de las 322 fotograf\u00edas del evento. Estas obras se distribuir\u00e1n en un amplio circuito de m\u00e1s de 40 galer\u00edas y museos, que incluye sedes como el Museo de Bogot\u00e1, el Museo Colonial, el Museo Santa Clara y el Centro Nacional de las Artes Delia Zapata Olivella.<\/p>\n\n\n\n<p>La alianza se apalanca en la tecnolog\u00eda de impresi\u00f3n art\u00edstica de la multinacional japonesa. Sus impresoras de la l\u00ednea SureColor son reconocidas en el sector por utilizar cabezales de impresi\u00f3n PrecisionCore y juegos de tintas pigmentadas UltraChrome, capaces de reproducir una gama de colores excepcionalmente amplia y negros de alta densidad, garantizando as\u00ed una calidad de museo y permanencia de archivo para las obras.<\/p>\n\n\n\n<p>Fotograf\u00eda con prop\u00f3sito<\/p>\n\n\n\n<p>Con la tem\u00e1tica central \u2018<em>Significados Ocultos<\/em>\u2019 , la edici\u00f3n de 2025 pondr\u00e1 en di\u00e1logo a dos naciones: Palestina y Colombia. El enfoque buscar\u00e1 explorar narrativas de resistencia, memoria y reconciliaci\u00f3n, consolidando la fotograf\u00eda como una potente herramienta de transformaci\u00f3n social.<\/p>\n\n\n\n<p>La agenda acad\u00e9mica complementa el circuito de exhibiciones. Con el apoyo de instituciones como la Universidad de los Andes , la Universidad Jorge Tadeo Lozano y la Universidad Central , se ofrecer\u00e1n talleres, un ciclo de conferencias, revisiones de portafolios y visitas guiadas. Como es tradici\u00f3n, se editar\u00e1 un libro de lujo para preservar la memoria de esta edici\u00f3n de la bienal.<\/p>\n\n\n\n<p>As\u00ed, Bogot\u00e1 se consolida como el epicentro del festejo fotogr\u00e1fico nacional, abriendo un espacio de un mes para que el p\u00fablico se reencuentre con el poder de la imagen. La bienal no solo ser\u00e1 una vitrina para el talento local e internacional, sino tambi\u00e9n un llamado a la reflexi\u00f3n sobre la memoria, la identidad y la diversidad cultural, temas que resonar\u00e1n en cada una de sus sedes del 30 de agosto al 30 de septiembre.<\/p>\n","protected":false},"excerpt":{"rendered":"<p>Bogot\u00e1, 11 de agosto de 2025. La capital colombiana se alista para el regreso de uno de los eventos m\u00e1s significativos de su cultura visual. Tras una pausa de seis a\u00f1os acentuada por la pandemia, el Fotomuseo, El Museo Nacional de la Fotograf\u00eda de Colombia, ha confirmado la novena edici\u00f3n de la Bienal Internacional, Fotogr\u00e1fica&#8230;<\/p>\n","protected":false},"author":5,"featured_media":16474,"comment_status":"closed","ping_status":"closed","sticky":false,"template":"","format":"standard","meta":{"_FSMCFIC_featured_image_caption":"","_FSMCFIC_featured_image_nocaption":"","_FSMCFIC_featured_image_hide":"","footnotes":""},"categories":[22],"tags":[],"class_list":["post-16473","post","type-post","status-publish","format-standard","has-post-thumbnail","hentry","category-el_resto"],"_links":{"self":[{"href":"https:\/\/economiaconedmer.com\/economiaenserio\/wp-json\/wp\/v2\/posts\/16473","targetHints":{"allow":["GET"]}}],"collection":[{"href":"https:\/\/economiaconedmer.com\/economiaenserio\/wp-json\/wp\/v2\/posts"}],"about":[{"href":"https:\/\/economiaconedmer.com\/economiaenserio\/wp-json\/wp\/v2\/types\/post"}],"author":[{"embeddable":true,"href":"https:\/\/economiaconedmer.com\/economiaenserio\/wp-json\/wp\/v2\/users\/5"}],"replies":[{"embeddable":true,"href":"https:\/\/economiaconedmer.com\/economiaenserio\/wp-json\/wp\/v2\/comments?post=16473"}],"version-history":[{"count":1,"href":"https:\/\/economiaconedmer.com\/economiaenserio\/wp-json\/wp\/v2\/posts\/16473\/revisions"}],"predecessor-version":[{"id":16475,"href":"https:\/\/economiaconedmer.com\/economiaenserio\/wp-json\/wp\/v2\/posts\/16473\/revisions\/16475"}],"wp:featuredmedia":[{"embeddable":true,"href":"https:\/\/economiaconedmer.com\/economiaenserio\/wp-json\/wp\/v2\/media\/16474"}],"wp:attachment":[{"href":"https:\/\/economiaconedmer.com\/economiaenserio\/wp-json\/wp\/v2\/media?parent=16473"}],"wp:term":[{"taxonomy":"category","embeddable":true,"href":"https:\/\/economiaconedmer.com\/economiaenserio\/wp-json\/wp\/v2\/categories?post=16473"},{"taxonomy":"post_tag","embeddable":true,"href":"https:\/\/economiaconedmer.com\/economiaenserio\/wp-json\/wp\/v2\/tags?post=16473"}],"curies":[{"name":"wp","href":"https:\/\/api.w.org\/{rel}","templated":true}]}}