{"id":16388,"date":"2025-08-10T07:00:55","date_gmt":"2025-08-10T12:00:55","guid":{"rendered":"https:\/\/economiaconedmer.com\/economiaenserio\/?p=16388"},"modified":"2025-08-10T07:09:29","modified_gmt":"2025-08-10T12:09:29","slug":"centro-comercial-la-colina-de-bogota-abre-sitio-para-el-reciclaje-de-ropa","status":"publish","type":"post","link":"https:\/\/economiaconedmer.com\/economiaenserio\/08\/10\/centro-comercial-la-colina-de-bogota-abre-sitio-para-el-reciclaje-de-ropa\/el_resto\/2025\/","title":{"rendered":"Centro comercial La colina, de Bogot\u00e1 abre sitio para el reciclaje de ropa"},"content":{"rendered":"\n<p><strong>Colombia,\u00a0<\/strong><strong>agosto<\/strong><strong>\u00a02025.<\/strong>\u00a0El Centro Comercial Parque La Colina anuncia la instalaci\u00f3n oficial de un contenedor para recolecci\u00f3n de ropa usada, en alianza con Recupera CO, la Secretar\u00eda Distrital de Ambiente (SDA) y la CAR Cundinamarca. Esta iniciativa\u00a0se enmarca en\u00a0la agenda de sostenibilidad local y nacional con \u00e9nfasis en la acci\u00f3n clim\u00e1tica, incentivando la participaci\u00f3n ciudadana en la reducci\u00f3n del impacto ambiental generado por los residuos textiles y promoviendo h\u00e1bitos de consumo m\u00e1s responsables y conscientes.<\/p>\n\n\n\n<p>La activaci\u00f3n oficial de esta alianza se llevar\u00e1 a cabo el&nbsp;d\u00eda 8 de agosto a las 4:00 p.m., con un evento de apertura en el que participar\u00e1n representantes de las entidades aliadas y voceros del centro comercial. Durante la jornada, los visitantes podr\u00e1n conocer de primera mano c\u00f3mo funciona el contenedor, qu\u00e9 tipo de prendas pueden donar y qu\u00e9 destino tendr\u00e1n los textiles recolectados.<\/p>\n\n\n\n<p>Esta estrategia, que ya ha recuperado m\u00e1s de 3 toneladas de textiles en Bogot\u00e1 en 2025, transforma la ropa en buen estado en donaciones para comunidades vulnerables, impulsa procesos de moda circular con peque\u00f1os emprendedores y garantiza una disposici\u00f3n responsable para prendas no reutilizables.<\/p>\n\n\n\n<p>La iniciativa no solo representa un avance en el cumplimiento de los objetivos ambientales de la ciudad, sino que tambi\u00e9n se alinea con los compromisos de mitigaci\u00f3n del cambio clim\u00e1tico promovidos por la Alcald\u00eda. Adem\u00e1s, refuerza los objetivos sostenibles del Centro Comercial Parque La Colina, consolid\u00e1ndolo como un actor comprometido con el bienestar de la comunidad y con la construcci\u00f3n de un futuro m\u00e1s resiliente frente a los desaf\u00edos ambientales.<br><br><em>\u201cDesde Parque La Colina creemos en la construcci\u00f3n de un futuro m\u00e1s sostenible. Esta alianza con Recupera CO y la Secretar\u00eda de Ambiente nos permite aportar activamente a la econom\u00eda circular, involucrar a nuestros visitantes en h\u00e1bitos de consumo responsable y reafirmar nuestro compromiso con el cuidado del planeta desde lo local.\u201d<\/em><br>Afrima,&nbsp;Mildred Pati\u00f1o, Center Manager del Centro Comercial Parque La Colina<\/p>\n\n\n\n<p><strong>\u00bfQu\u00e9 se puede depositar?<\/strong><br><br>\u2714Ropa en buen estado (para todas las edades)<br>\u2714Zapatos en par<br>\u2714Accesorios como cinturones, bolsos, gorras<br>\u2714Cortinas, cobijas y s\u00e1banas limpias.<\/p>\n\n\n\n<p>\u2714Prendas mojadas, con hongos o contaminadas.<br>\u2714Ropa interior usada.<br>\u2714Dotaciones industriales deterioradas.<br>\u2714Colchones o residuos no textiles.<\/p>\n\n\n\n<p>La invitaci\u00f3n est\u00e1 abierta\u00a0para\u00a0todos los ciudadanos a sumarse a esta causa, donar sus prendas en desuso y ser parte de un cambio ambiental y social con impacto real.<\/p>\n\n\n\n<p><\/p>\n","protected":false},"excerpt":{"rendered":"<p>Colombia,\u00a0agosto\u00a02025.\u00a0El Centro Comercial Parque La Colina anuncia la instalaci\u00f3n oficial de un contenedor para recolecci\u00f3n de ropa usada, en alianza con Recupera CO, la Secretar\u00eda Distrital de Ambiente (SDA) y la CAR Cundinamarca. Esta iniciativa\u00a0se enmarca en\u00a0la agenda de sostenibilidad local y nacional con \u00e9nfasis en la acci\u00f3n clim\u00e1tica, incentivando la participaci\u00f3n ciudadana en la&#8230;<\/p>\n","protected":false},"author":5,"featured_media":16399,"comment_status":"closed","ping_status":"closed","sticky":false,"template":"","format":"standard","meta":{"_FSMCFIC_featured_image_caption":"","_FSMCFIC_featured_image_nocaption":"","_FSMCFIC_featured_image_hide":"","footnotes":""},"categories":[22],"tags":[],"class_list":["post-16388","post","type-post","status-publish","format-standard","has-post-thumbnail","hentry","category-el_resto"],"_links":{"self":[{"href":"https:\/\/economiaconedmer.com\/economiaenserio\/wp-json\/wp\/v2\/posts\/16388","targetHints":{"allow":["GET"]}}],"collection":[{"href":"https:\/\/economiaconedmer.com\/economiaenserio\/wp-json\/wp\/v2\/posts"}],"about":[{"href":"https:\/\/economiaconedmer.com\/economiaenserio\/wp-json\/wp\/v2\/types\/post"}],"author":[{"embeddable":true,"href":"https:\/\/economiaconedmer.com\/economiaenserio\/wp-json\/wp\/v2\/users\/5"}],"replies":[{"embeddable":true,"href":"https:\/\/economiaconedmer.com\/economiaenserio\/wp-json\/wp\/v2\/comments?post=16388"}],"version-history":[{"count":1,"href":"https:\/\/economiaconedmer.com\/economiaenserio\/wp-json\/wp\/v2\/posts\/16388\/revisions"}],"predecessor-version":[{"id":16390,"href":"https:\/\/economiaconedmer.com\/economiaenserio\/wp-json\/wp\/v2\/posts\/16388\/revisions\/16390"}],"wp:featuredmedia":[{"embeddable":true,"href":"https:\/\/economiaconedmer.com\/economiaenserio\/wp-json\/wp\/v2\/media\/16399"}],"wp:attachment":[{"href":"https:\/\/economiaconedmer.com\/economiaenserio\/wp-json\/wp\/v2\/media?parent=16388"}],"wp:term":[{"taxonomy":"category","embeddable":true,"href":"https:\/\/economiaconedmer.com\/economiaenserio\/wp-json\/wp\/v2\/categories?post=16388"},{"taxonomy":"post_tag","embeddable":true,"href":"https:\/\/economiaconedmer.com\/economiaenserio\/wp-json\/wp\/v2\/tags?post=16388"}],"curies":[{"name":"wp","href":"https:\/\/api.w.org\/{rel}","templated":true}]}}