{"id":15768,"date":"2025-07-05T06:57:24","date_gmt":"2025-07-05T11:57:24","guid":{"rendered":"https:\/\/economiaconedmer.com\/economiaenserio\/?p=15768"},"modified":"2025-07-05T06:58:46","modified_gmt":"2025-07-05T11:58:46","slug":"presentan-libro-sobre-los-secretos-de-la-campana-politica-digital-en-brasil","status":"publish","type":"post","link":"https:\/\/economiaconedmer.com\/economiaenserio\/07\/05\/presentan-libro-sobre-los-secretos-de-la-campana-politica-digital-en-brasil\/el_resto\/2025\/","title":{"rendered":"Presentan libro sobre los secretos de la campa\u00f1a pol\u00edtica digital, en Brasil"},"content":{"rendered":"\n<p><strong><em>El libro\u00a0Brasil de la Esperanzan es una mirada in\u00e9dita al coraz\u00f3n de la campa\u00f1a que devolvi\u00f3 a Lula da Silva a la presidencia de Brasil.\u00a0<\/em><\/strong><\/p>\n\n\n\n<p>La obra, que ya fue presentada en&nbsp;Brasilia&nbsp;junto al propio mandatario, se lanza ahora&nbsp;en Colombia&nbsp;como parte de un recorrido continental.<\/p>\n\n\n\n<p>El lanzamiento en&nbsp;el pa\u00eds&nbsp;no es casualidad. Al igual que Brasil, Colombia es un referente pol\u00edtico y social en Am\u00e9rica Latina. Sus decisiones electorales tienen eco en toda la regi\u00f3n&nbsp;y&nbsp;en los \u00faltimos d\u00edas ha sido centro de atenci\u00f3n a nivel mundial. Por eso, compartir las lecciones aprendidas en la campa\u00f1a de Lula puede aportar claves valiosas para lo que viene&nbsp;electoralmente.&nbsp;<\/p>\n\n\n\n<p>El libro, adem\u00e1s de ser un testimonio, es una radiograf\u00eda pol\u00edtica, comunicacional y social de un proceso electoral que puso a prueba la democracia brasile\u00f1a, hoy a\u00fan sacudida por las consecuencias institucionales y sociales del intento de revertir los resultados. En junio de 2025, el expresidente Jair Bolsonaro declar\u00f3 ante la Corte Suprema por su presunto rol en un intento de golpe tras la victoria de Lula, en un juicio hist\u00f3rico que refleja la polarizaci\u00f3n persistente y la fragilidad democr\u00e1tica del pa\u00eds.<\/p>\n","protected":false},"excerpt":{"rendered":"<p>El libro\u00a0Brasil de la Esperanzan es una mirada in\u00e9dita al coraz\u00f3n de la campa\u00f1a que devolvi\u00f3 a Lula da Silva a la presidencia de Brasil.\u00a0 La obra, que ya fue presentada en&nbsp;Brasilia&nbsp;junto al propio mandatario, se lanza ahora&nbsp;en Colombia&nbsp;como parte de un recorrido continental. El lanzamiento en&nbsp;el pa\u00eds&nbsp;no es casualidad. Al igual que Brasil, Colombia&#8230;<\/p>\n","protected":false},"author":8,"featured_media":15770,"comment_status":"closed","ping_status":"closed","sticky":false,"template":"","format":"standard","meta":{"_FSMCFIC_featured_image_caption":"","_FSMCFIC_featured_image_nocaption":"","_FSMCFIC_featured_image_hide":"","footnotes":""},"categories":[22],"tags":[],"class_list":["post-15768","post","type-post","status-publish","format-standard","has-post-thumbnail","hentry","category-el_resto"],"_links":{"self":[{"href":"https:\/\/economiaconedmer.com\/economiaenserio\/wp-json\/wp\/v2\/posts\/15768","targetHints":{"allow":["GET"]}}],"collection":[{"href":"https:\/\/economiaconedmer.com\/economiaenserio\/wp-json\/wp\/v2\/posts"}],"about":[{"href":"https:\/\/economiaconedmer.com\/economiaenserio\/wp-json\/wp\/v2\/types\/post"}],"author":[{"embeddable":true,"href":"https:\/\/economiaconedmer.com\/economiaenserio\/wp-json\/wp\/v2\/users\/8"}],"replies":[{"embeddable":true,"href":"https:\/\/economiaconedmer.com\/economiaenserio\/wp-json\/wp\/v2\/comments?post=15768"}],"version-history":[{"count":1,"href":"https:\/\/economiaconedmer.com\/economiaenserio\/wp-json\/wp\/v2\/posts\/15768\/revisions"}],"predecessor-version":[{"id":15769,"href":"https:\/\/economiaconedmer.com\/economiaenserio\/wp-json\/wp\/v2\/posts\/15768\/revisions\/15769"}],"wp:featuredmedia":[{"embeddable":true,"href":"https:\/\/economiaconedmer.com\/economiaenserio\/wp-json\/wp\/v2\/media\/15770"}],"wp:attachment":[{"href":"https:\/\/economiaconedmer.com\/economiaenserio\/wp-json\/wp\/v2\/media?parent=15768"}],"wp:term":[{"taxonomy":"category","embeddable":true,"href":"https:\/\/economiaconedmer.com\/economiaenserio\/wp-json\/wp\/v2\/categories?post=15768"},{"taxonomy":"post_tag","embeddable":true,"href":"https:\/\/economiaconedmer.com\/economiaenserio\/wp-json\/wp\/v2\/tags?post=15768"}],"curies":[{"name":"wp","href":"https:\/\/api.w.org\/{rel}","templated":true}]}}