{"id":15715,"date":"2025-07-02T21:27:30","date_gmt":"2025-07-03T02:27:30","guid":{"rendered":"https:\/\/economiaconedmer.com\/economiaenserio\/?p=15715"},"modified":"2025-07-02T21:37:55","modified_gmt":"2025-07-03T02:37:55","slug":"trabajo-por-cuenta-propia-muy-afectado-por-incertidumbre-financiera","status":"publish","type":"post","link":"https:\/\/economiaconedmer.com\/economiaenserio\/07\/02\/trabajo-por-cuenta-propia-muy-afectado-por-incertidumbre-financiera\/el_resto\/2025\/","title":{"rendered":"Trabajo por cuenta propia, muy afectado por  incertidumbre financiera"},"content":{"rendered":"\n<p><strong>Bogot\u00e1,\u00a0junio 2 de \u00a02025. <\/strong>Aunque representan\u00a0m\u00e1s\u00a0del\u00a029% de la fuerza laboral en Am\u00e9rica Latina,\u00a0seg\u00fan datos de CEPAL,\u00a0los trabajadores independientes enfrentan una creciente incertidumbre sobre su estabilidad financiera. <\/p>\n\n\n\n<p>Seg\u00fan un reciente estudio de MetLife, el 65% de los\u00a0<em>freelancers<\/em>\u00a0y trabajadores por cuenta propia en la regi\u00f3n afirma que su principal preocupaci\u00f3n es la falta de ingresos estables, seguida de la ausencia de beneficios como seguro de salud y protecci\u00f3n ante imprevistos.<\/p>\n\n\n\n<p>La investigaci\u00f3n tambi\u00e9n revel\u00f3 que:<\/p>\n\n\n\n<p>\u2022&nbsp;El 70% de los trabajadores independientes no tiene un fondo de emergencia suficiente para cubrir m\u00e1s de tres meses de gastos.<\/p>\n\n\n\n<p>\u2022&nbsp;El 62% ha experimentado pagos atrasados o fraudes, afectando su planificaci\u00f3n financiera.<\/p>\n\n\n\n<p>\u2022&nbsp;El 58% considera que los seguros son costosos o dif\u00edciles de contratar, lo que limita su acceso a protecci\u00f3n financiera.<\/p>\n\n\n\n<p>En este contexto, los trabajadores independientes buscan soluciones accesibles, digitales y flexibles que les brinden seguridad financiera sin complicaciones.<\/p>\n\n\n\n<p>Los seguros embebidos: una nueva era para la protecci\u00f3n financiera<\/p>\n\n\n\n<p>Ante esta realidad, la industria aseguradora tiene la oportunidad de transformar la forma en que los trabajadores independientes acceden a la protecci\u00f3n financiera. Una de las tendencias m\u00e1s relevantes en esta evoluci\u00f3n son los seguros embebidos, que permiten integrar coberturas directamente en la experiencia digital del usuario, sin necesidad de procesos adicionales.<\/p>\n\n\n\n<p>Con esta modalidad, un trabajador independiente puede contratar un seguro de ingresos con un solo clic al recibir un pago en su billetera digital, o incluir una cobertura de salud al suscribirse a una plataforma de servicios. Este enfoque reduce fricciones, agiliza el acceso a la protecci\u00f3n y se adapta a las necesidades de cada usuario.<\/p>\n\n\n\n<p>MetLife&nbsp;Xcelerator: Democratizando el acceso a seguros en Am\u00e9rica Latina<\/p>\n\n\n\n<p>Desde su lanzamiento en 2023, MetLife&nbsp;Xcelerator&nbsp;ha superado los&nbsp;4,5&nbsp;millones de consumidores activos en la regi\u00f3n, consolid\u00e1ndose recientemente como una unidad de negocios. Su enfoque se basa en integrar seguros en plataformas digitales clave, como bancos en l\u00ednea, billeteras electr\u00f3nicas y plataformas de comercio electr\u00f3nico, permitiendo que m\u00e1s personas accedan a coberturas de manera simple y conveniente.<\/p>\n\n\n\n<p><em>\u201cLos consumidores en Am\u00e9rica Latina valoran cada vez m\u00e1s la simplicidad y las experiencias digitales integradas. Buscan soluciones que se anticipen a sus necesidades y los mantengan protegidos\u201d<\/em>,&nbsp;<strong>afirm\u00f3 Javier Cabello,&nbsp;<\/strong><strong>l\u00edder de<\/strong><strong>MetLife&nbsp;<\/strong><strong>Xcelerator<\/strong><strong>.<\/strong>&nbsp;<em>\u201cNuestro objetivo con MetLife&nbsp;<\/em><em>Xcelerator<\/em><em>&nbsp;es democratizar el acceso a los seguros, ofreciendo soluciones \u00e1giles y personalizadas tanto para nuestros socios estrat\u00e9gicos como para los usuarios finales\u201d<\/em>.<\/p>\n\n\n\n<p><\/p>\n","protected":false},"excerpt":{"rendered":"<p>Bogot\u00e1,\u00a0junio 2 de \u00a02025. Aunque representan\u00a0m\u00e1s\u00a0del\u00a029% de la fuerza laboral en Am\u00e9rica Latina,\u00a0seg\u00fan datos de CEPAL,\u00a0los trabajadores independientes enfrentan una creciente incertidumbre sobre su estabilidad financiera. Seg\u00fan un reciente estudio de MetLife, el 65% de los\u00a0freelancers\u00a0y trabajadores por cuenta propia en la regi\u00f3n afirma que su principal preocupaci\u00f3n es la falta de ingresos estables, seguida&#8230;<\/p>\n","protected":false},"author":8,"featured_media":15720,"comment_status":"closed","ping_status":"closed","sticky":false,"template":"","format":"standard","meta":{"_FSMCFIC_featured_image_caption":"","_FSMCFIC_featured_image_nocaption":"","_FSMCFIC_featured_image_hide":"","footnotes":""},"categories":[22],"tags":[],"class_list":["post-15715","post","type-post","status-publish","format-standard","has-post-thumbnail","hentry","category-el_resto"],"_links":{"self":[{"href":"https:\/\/economiaconedmer.com\/economiaenserio\/wp-json\/wp\/v2\/posts\/15715","targetHints":{"allow":["GET"]}}],"collection":[{"href":"https:\/\/economiaconedmer.com\/economiaenserio\/wp-json\/wp\/v2\/posts"}],"about":[{"href":"https:\/\/economiaconedmer.com\/economiaenserio\/wp-json\/wp\/v2\/types\/post"}],"author":[{"embeddable":true,"href":"https:\/\/economiaconedmer.com\/economiaenserio\/wp-json\/wp\/v2\/users\/8"}],"replies":[{"embeddable":true,"href":"https:\/\/economiaconedmer.com\/economiaenserio\/wp-json\/wp\/v2\/comments?post=15715"}],"version-history":[{"count":1,"href":"https:\/\/economiaconedmer.com\/economiaenserio\/wp-json\/wp\/v2\/posts\/15715\/revisions"}],"predecessor-version":[{"id":15716,"href":"https:\/\/economiaconedmer.com\/economiaenserio\/wp-json\/wp\/v2\/posts\/15715\/revisions\/15716"}],"wp:featuredmedia":[{"embeddable":true,"href":"https:\/\/economiaconedmer.com\/economiaenserio\/wp-json\/wp\/v2\/media\/15720"}],"wp:attachment":[{"href":"https:\/\/economiaconedmer.com\/economiaenserio\/wp-json\/wp\/v2\/media?parent=15715"}],"wp:term":[{"taxonomy":"category","embeddable":true,"href":"https:\/\/economiaconedmer.com\/economiaenserio\/wp-json\/wp\/v2\/categories?post=15715"},{"taxonomy":"post_tag","embeddable":true,"href":"https:\/\/economiaconedmer.com\/economiaenserio\/wp-json\/wp\/v2\/tags?post=15715"}],"curies":[{"name":"wp","href":"https:\/\/api.w.org\/{rel}","templated":true}]}}