{"id":15521,"date":"2025-06-20T16:33:13","date_gmt":"2025-06-20T21:33:13","guid":{"rendered":"https:\/\/economiaconedmer.com\/economiaenserio\/?p=15521"},"modified":"2025-06-20T16:36:51","modified_gmt":"2025-06-20T21:36:51","slug":"reforma-laboral-hunde-la-consulta-popular","status":"publish","type":"post","link":"https:\/\/economiaconedmer.com\/economiaenserio\/06\/20\/reforma-laboral-hunde-la-consulta-popular\/el_bolsillo\/2025\/","title":{"rendered":"La reforma laboral hundi\u00f3 la consulta popular"},"content":{"rendered":"\n<p>La consulta popular, que hasta hace apenas unos d\u00edas, \u00abiba porque iba\u00bb, ahora \u00abya no va porque no va\u00bb. <\/p>\n\n\n\n<p>La decisi\u00f3n del mandatario fue adoptada tras la aprobaci\u00f3n en el Congreso de la Rep\u00fablica de la reforma laboral, en condiciones muy parecidas a las planteadas por el Gobierno. <\/p>\n\n\n\n<p>Lo anterior significa que la pol\u00e9mica se concentrar\u00e1 a partir de hoy en la convocatoria a una Asamblea  Constituyente, a la reforma tributaria y a la suspensi\u00f3n de la aplicaci\u00f3n de la regla fiscal.   <\/p>\n\n\n\n<p>El Presidente Gustavo Petro dijo que el decreto de la Consulta ser\u00e1 derogado y que el Gobierno invitar\u00e1 a los empresarios a trabajar en la reglamentaci\u00f3n y la implementaci\u00f3n de la Reforma Laboral.<\/p>\n\n\n\n<p>La aprobaci\u00f3n de la reforma se produjo este viernes, y entrar\u00e1 en vigor el 1 de julio pr\u00f3ximo, previa sanci\u00f3n por parte del Presidente Gustavo Petro. <\/p>\n","protected":false},"excerpt":{"rendered":"<p>La consulta popular, que hasta hace apenas unos d\u00edas, \u00abiba porque iba\u00bb, ahora \u00abya no va porque no va\u00bb. La decisi\u00f3n del mandatario fue adoptada tras la aprobaci\u00f3n en el Congreso de la Rep\u00fablica de la reforma laboral, en condiciones muy parecidas a las planteadas por el Gobierno. Lo anterior significa que la pol\u00e9mica se&#8230;<\/p>\n","protected":false},"author":5,"featured_media":15523,"comment_status":"closed","ping_status":"closed","sticky":false,"template":"","format":"standard","meta":{"_FSMCFIC_featured_image_caption":"","_FSMCFIC_featured_image_nocaption":"","_FSMCFIC_featured_image_hide":"","footnotes":""},"categories":[2],"tags":[],"class_list":["post-15521","post","type-post","status-publish","format-standard","has-post-thumbnail","hentry","category-el_bolsillo"],"_links":{"self":[{"href":"https:\/\/economiaconedmer.com\/economiaenserio\/wp-json\/wp\/v2\/posts\/15521","targetHints":{"allow":["GET"]}}],"collection":[{"href":"https:\/\/economiaconedmer.com\/economiaenserio\/wp-json\/wp\/v2\/posts"}],"about":[{"href":"https:\/\/economiaconedmer.com\/economiaenserio\/wp-json\/wp\/v2\/types\/post"}],"author":[{"embeddable":true,"href":"https:\/\/economiaconedmer.com\/economiaenserio\/wp-json\/wp\/v2\/users\/5"}],"replies":[{"embeddable":true,"href":"https:\/\/economiaconedmer.com\/economiaenserio\/wp-json\/wp\/v2\/comments?post=15521"}],"version-history":[{"count":2,"href":"https:\/\/economiaconedmer.com\/economiaenserio\/wp-json\/wp\/v2\/posts\/15521\/revisions"}],"predecessor-version":[{"id":15524,"href":"https:\/\/economiaconedmer.com\/economiaenserio\/wp-json\/wp\/v2\/posts\/15521\/revisions\/15524"}],"wp:featuredmedia":[{"embeddable":true,"href":"https:\/\/economiaconedmer.com\/economiaenserio\/wp-json\/wp\/v2\/media\/15523"}],"wp:attachment":[{"href":"https:\/\/economiaconedmer.com\/economiaenserio\/wp-json\/wp\/v2\/media?parent=15521"}],"wp:term":[{"taxonomy":"category","embeddable":true,"href":"https:\/\/economiaconedmer.com\/economiaenserio\/wp-json\/wp\/v2\/categories?post=15521"},{"taxonomy":"post_tag","embeddable":true,"href":"https:\/\/economiaconedmer.com\/economiaenserio\/wp-json\/wp\/v2\/tags?post=15521"}],"curies":[{"name":"wp","href":"https:\/\/api.w.org\/{rel}","templated":true}]}}