{"id":15299,"date":"2025-06-05T20:15:49","date_gmt":"2025-06-06T01:15:49","guid":{"rendered":"https:\/\/economiaconedmer.com\/economiaenserio\/?p=15299"},"modified":"2025-06-05T20:38:17","modified_gmt":"2025-06-06T01:38:17","slug":"a-nueve-de-cada-10-colombianos-les-preocupa-la-crisis-ambiental","status":"publish","type":"post","link":"https:\/\/economiaconedmer.com\/economiaenserio\/06\/05\/a-nueve-de-cada-10-colombianos-les-preocupa-la-crisis-ambiental\/el_resto\/2025\/","title":{"rendered":"\u00a0A nueve de cada 10 colombianos les preocupa la crisis ambiental"},"content":{"rendered":"\n<p><strong>Bogot\u00e1, Junio 5 de 2025.<\/strong>\u00a0Greenpeace Colombia y Sentimientos P\u00fablicos presentan los resultados de la primera Encuesta Nacional de Medio Ambiente, un estudio que revela una ciudadan\u00eda ambientalmente activa, preocupada por el impacto de la crisis ecol\u00f3gica en su d\u00eda a d\u00eda, y decidida a actuar. El reto: transformar ese inter\u00e9s en acci\u00f3n efectiva y sostenida.<\/p>\n\n\n\n<p>Con una muestra representativa de m\u00e1s de 2.200 personas en todo el pa\u00eds, el estudio arroja una conclusi\u00f3n contundente: Colombia quiere cuidar el planeta. El 91% de los encuestados manifest\u00f3 estar interesado en los temas ambientales, y el 86% afirm\u00f3 que estos afectan directamente su vida cotidiana.<\/p>\n\n\n\n<p>\u201cEste no es un pa\u00eds indiferente. Hay una ciudadan\u00eda esperanzada, cr\u00edtica y lista para actuar. Lo que falta no es voluntad, sino herramientas, informaci\u00f3n accesible y espacios reales de participaci\u00f3n\u201d, afirm\u00f3 Laura Caicedo, coordinadora de campa\u00f1as de Greenpeace Colombia.<\/p>\n\n\n\n<p><strong>Ciudadan\u00eda: responsables\u2026 y l\u00edderes del cambio<\/strong><\/p>\n\n\n\n<p>Uno de los hallazgos m\u00e1s potentes es que el 60% de los colombianos considera que la ciudadan\u00eda es la principal responsable de la crisis ambiental, pero tambi\u00e9n la m\u00e1s capaz de solucionarla. Para el 51,5%, la salida est\u00e1 en la acci\u00f3n colectiva, no en la espera pasiva de soluciones externas.<\/p>\n\n\n\n<p><strong>\u00bfQu\u00e9 preocupa m\u00e1s? Lo visible y cotidiano<\/strong><\/p>\n\n\n\n<p>Los temas que m\u00e1s inquietan a la ciudadan\u00eda son aquellos con impacto directo en su entorno inmediato: reciclaje y manejo de residuos (37,9%), reducci\u00f3n del uso de pl\u00e1sticos (21,9%), y contaminaci\u00f3n del aire (18,7%). Aunque el cambio clim\u00e1tico tambi\u00e9n figura como preocupaci\u00f3n importante (18,2%), las prioridades apuntan a lo concreto, lo local y lo urgente.<\/p>\n\n\n\n<p>Sin duda, esta informaci\u00f3n es clave para construir campa\u00f1as que partan de lo cotidiano para escalar hacia desaf\u00edos estructurales como la deforestaci\u00f3n, la contaminaci\u00f3n minera o la justicia clim\u00e1tica.&nbsp;<\/p>\n\n\n\n<p><strong>J\u00f3venes cr\u00edticos, adultos comprometidos<\/strong><\/p>\n\n\n\n<p>Aunque el inter\u00e9s por el medio ambiente atraviesa a toda la poblaci\u00f3n, los j\u00f3venes (16\u201328 a\u00f1os) muestran menor identificaci\u00f3n con las organizaciones ambientales (solo el 25% identifica a Greenpeace), mayor desconfianza institucional y escepticismo frente a la tecnolog\u00eda como soluci\u00f3n. Sin embargo, son tambi\u00e9n quienes m\u00e1s est\u00e1n dispuestos a aportar econ\u00f3micamente a causas ambientales.<\/p>\n\n\n\n<p>Los adultos entre 29 y 43 a\u00f1os, en cambio, lideran en participaci\u00f3n concreta y vinculaci\u00f3n con organizaciones y campa\u00f1as. Representan hoy el segmento m\u00e1s activo de la ciudadan\u00eda ambiental. El mensaje es claro: la ciudadan\u00eda espera menos confrontaci\u00f3n y m\u00e1s formaci\u00f3n, m\u00e1s herramientas y m\u00e1s espacios de acci\u00f3n concreta.<\/p>\n\n\n\n<p>\u201cEscuchar a la gente es el primer paso. Esta encuesta nos permite repensar c\u00f3mo y para qui\u00e9n nos comunicamos. En Greenpeace no buscamos reemplazar la voz ciudadana, sino amplificarla. Queremos ser un canal que potencie las ideas y la acci\u00f3n colectiva de quienes sue\u00f1an con un futuro m\u00e1s justo y verde\u201d, agreg\u00f3 Laura Caicedo.<\/p>\n\n\n\n<p><strong>El cambio es posible, pero necesita aliados<\/strong><\/p>\n\n\n\n<p>El estudio revela que 6 de cada 10 colombianos creen que a\u00fan estamos a tiempo de evitar un colapso ambiental, siempre que cambiemos nuestras actitudes. Pero ese cambio no ocurrir\u00e1 solo: requiere informaci\u00f3n clara, propuestas concretas y canales reales de participaci\u00f3n.&nbsp;<\/p>\n\n\n\n<p>Hoy hacemos un llamado a la ciudadan\u00eda, empresas, medios, gobiernos y movimientos sociales a sumar esfuerzos para poner a la naturaleza y el clima en el centro de las decisiones. Porque cuidar el planeta no es una opci\u00f3n: es una urgencia y necesidad. Y tambi\u00e9n una oportunidad para construir justicia ambiental y desarrollo sostenible desde el poder colectivo.<\/p>\n\n\n\n<p><\/p>\n","protected":false},"excerpt":{"rendered":"<p>Bogot\u00e1, Junio 5 de 2025.\u00a0Greenpeace Colombia y Sentimientos P\u00fablicos presentan los resultados de la primera Encuesta Nacional de Medio Ambiente, un estudio que revela una ciudadan\u00eda ambientalmente activa, preocupada por el impacto de la crisis ecol\u00f3gica en su d\u00eda a d\u00eda, y decidida a actuar. El reto: transformar ese inter\u00e9s en acci\u00f3n efectiva y sostenida&#8230;.<\/p>\n","protected":false},"author":5,"featured_media":15300,"comment_status":"closed","ping_status":"closed","sticky":false,"template":"","format":"standard","meta":{"_FSMCFIC_featured_image_caption":"","_FSMCFIC_featured_image_nocaption":"","_FSMCFIC_featured_image_hide":"","footnotes":""},"categories":[22],"tags":[],"class_list":["post-15299","post","type-post","status-publish","format-standard","has-post-thumbnail","hentry","category-el_resto"],"_links":{"self":[{"href":"https:\/\/economiaconedmer.com\/economiaenserio\/wp-json\/wp\/v2\/posts\/15299","targetHints":{"allow":["GET"]}}],"collection":[{"href":"https:\/\/economiaconedmer.com\/economiaenserio\/wp-json\/wp\/v2\/posts"}],"about":[{"href":"https:\/\/economiaconedmer.com\/economiaenserio\/wp-json\/wp\/v2\/types\/post"}],"author":[{"embeddable":true,"href":"https:\/\/economiaconedmer.com\/economiaenserio\/wp-json\/wp\/v2\/users\/5"}],"replies":[{"embeddable":true,"href":"https:\/\/economiaconedmer.com\/economiaenserio\/wp-json\/wp\/v2\/comments?post=15299"}],"version-history":[{"count":1,"href":"https:\/\/economiaconedmer.com\/economiaenserio\/wp-json\/wp\/v2\/posts\/15299\/revisions"}],"predecessor-version":[{"id":15303,"href":"https:\/\/economiaconedmer.com\/economiaenserio\/wp-json\/wp\/v2\/posts\/15299\/revisions\/15303"}],"wp:featuredmedia":[{"embeddable":true,"href":"https:\/\/economiaconedmer.com\/economiaenserio\/wp-json\/wp\/v2\/media\/15300"}],"wp:attachment":[{"href":"https:\/\/economiaconedmer.com\/economiaenserio\/wp-json\/wp\/v2\/media?parent=15299"}],"wp:term":[{"taxonomy":"category","embeddable":true,"href":"https:\/\/economiaconedmer.com\/economiaenserio\/wp-json\/wp\/v2\/categories?post=15299"},{"taxonomy":"post_tag","embeddable":true,"href":"https:\/\/economiaconedmer.com\/economiaenserio\/wp-json\/wp\/v2\/tags?post=15299"}],"curies":[{"name":"wp","href":"https:\/\/api.w.org\/{rel}","templated":true}]}}