{"id":15280,"date":"2025-06-05T19:13:53","date_gmt":"2025-06-06T00:13:53","guid":{"rendered":"https:\/\/economiaconedmer.com\/economiaenserio\/?p=15280"},"modified":"2025-06-05T19:16:32","modified_gmt":"2025-06-06T00:16:32","slug":"herbalife-fortalece-su-plan-de-becas-en-colombia","status":"publish","type":"post","link":"https:\/\/economiaconedmer.com\/economiaenserio\/06\/05\/herbalife-fortalece-su-plan-de-becas-en-colombia\/destacados\/2025\/","title":{"rendered":"Herbalife fortalece su plan de becas en Colombia"},"content":{"rendered":"\n<p><strong>Bogot\u00e1, junio de 2025.<\/strong>\u00a0Herbalife fortalece su Programa de Becas por cuarto a\u00f1o consecutivo, consolidando alianzas con instituciones como la Universidad de La Sabana y la Universidad de los Andes, e integr\u00e1ndose desde 2022 al programa \u201cVamos Pa\u2019lante\u201d de la Universidad de los Andes, el cual busca reducir la deserci\u00f3n universitaria por razones econ\u00f3micas.<\/p>\n\n\n\n<p>En 2025, la compa\u00f1\u00eda ha destinado nuevas becas para cuatro estudiantes de alto rendimiento acad\u00e9mico: dos de la Universidad de los Andes, uno de la Universidad Aut\u00f3noma de Bucaramanga (UNAB) y uno de la Universidad Tecnol\u00f3gica de Bol\u00edvar (UTB). Estas becas no solo cubren la matr\u00edcula, sino que en algunos casos tambi\u00e9n apoyan el sostenimiento del estudiante, permiti\u00e9ndoles avanzar en su formaci\u00f3n con mayor tranquilidad y enfoque.<\/p>\n\n\n\n<p>Giseth Alejandra Mosquera Vel\u00e1squez, estudiante de noveno semestre de Enfermer\u00eda en la Universidad Aut\u00f3noma de Bucaramanga (UNAB), es una de las beneficiarias del programa. Su testimonio refleja el impacto que tiene este tipo de apoyo en la vida de j\u00f3venes que, de otra forma, tendr\u00edan pocas oportunidades de concluir su formaci\u00f3n profesional. Lo mismo ocurre con Nicolle Alejandra Gonz\u00e1lez y Juli\u00e1n Andr\u00e9s Verano Bauwolf, ambos estudiantes de noveno semestre en la Universidad de los Andes, en las carreras de Econom\u00eda y Psicolog\u00eda, respectivamente. Por su parte, Deyker Delmaux Amaranto, estudiante de primer semestre de Ciencia de Datos en la Universidad Tecnol\u00f3gica de Bol\u00edvar (UTB), inicia su recorrido acad\u00e9mico con el respaldo de esta beca, lo que le permite enfocarse en su desarrollo desde el primer d\u00eda.<\/p>\n\n\n\n<p>\u201cM\u00e1s all\u00e1 del apoyo econ\u00f3mico, queremos impulsar l\u00edderes comprometidos con sus comunidades, convencidos de que la educaci\u00f3n es la v\u00eda para construir un pa\u00eds m\u00e1s equitativo y con mayores oportunidades para todos\u201d, se\u00f1al\u00f3 Andr\u00e9s Pe\u00f1uela, Director de Ventas &amp; Marketing de Herbalife para Colombia, Bolivia y Venezuela.<\/p>\n\n\n\n<p>Con esta iniciativa, la compa\u00f1\u00eda consolida un modelo de responsabilidad social corporativa que va m\u00e1s all\u00e1 de la filantrop\u00eda y se alinea con una visi\u00f3n de impacto a largo plazo en las comunidades donde opera. La inversi\u00f3n en educaci\u00f3n se convierte as\u00ed en una apuesta concreta por la formaci\u00f3n de nuevas generaciones de profesionales para el futuro de Colombia.<\/p>\n\n\n\n<p><\/p>\n","protected":false},"excerpt":{"rendered":"<p>Bogot\u00e1, junio de 2025.\u00a0Herbalife fortalece su Programa de Becas por cuarto a\u00f1o consecutivo, consolidando alianzas con instituciones como la Universidad de La Sabana y la Universidad de los Andes, e integr\u00e1ndose desde 2022 al programa \u201cVamos Pa\u2019lante\u201d de la Universidad de los Andes, el cual busca reducir la deserci\u00f3n universitaria por razones econ\u00f3micas. En 2025,&#8230;<\/p>\n","protected":false},"author":5,"featured_media":15283,"comment_status":"closed","ping_status":"closed","sticky":false,"template":"","format":"standard","meta":{"_FSMCFIC_featured_image_caption":"","_FSMCFIC_featured_image_nocaption":"","_FSMCFIC_featured_image_hide":"","footnotes":""},"categories":[21],"tags":[],"class_list":["post-15280","post","type-post","status-publish","format-standard","has-post-thumbnail","hentry","category-destacados"],"_links":{"self":[{"href":"https:\/\/economiaconedmer.com\/economiaenserio\/wp-json\/wp\/v2\/posts\/15280","targetHints":{"allow":["GET"]}}],"collection":[{"href":"https:\/\/economiaconedmer.com\/economiaenserio\/wp-json\/wp\/v2\/posts"}],"about":[{"href":"https:\/\/economiaconedmer.com\/economiaenserio\/wp-json\/wp\/v2\/types\/post"}],"author":[{"embeddable":true,"href":"https:\/\/economiaconedmer.com\/economiaenserio\/wp-json\/wp\/v2\/users\/5"}],"replies":[{"embeddable":true,"href":"https:\/\/economiaconedmer.com\/economiaenserio\/wp-json\/wp\/v2\/comments?post=15280"}],"version-history":[{"count":1,"href":"https:\/\/economiaconedmer.com\/economiaenserio\/wp-json\/wp\/v2\/posts\/15280\/revisions"}],"predecessor-version":[{"id":15281,"href":"https:\/\/economiaconedmer.com\/economiaenserio\/wp-json\/wp\/v2\/posts\/15280\/revisions\/15281"}],"wp:featuredmedia":[{"embeddable":true,"href":"https:\/\/economiaconedmer.com\/economiaenserio\/wp-json\/wp\/v2\/media\/15283"}],"wp:attachment":[{"href":"https:\/\/economiaconedmer.com\/economiaenserio\/wp-json\/wp\/v2\/media?parent=15280"}],"wp:term":[{"taxonomy":"category","embeddable":true,"href":"https:\/\/economiaconedmer.com\/economiaenserio\/wp-json\/wp\/v2\/categories?post=15280"},{"taxonomy":"post_tag","embeddable":true,"href":"https:\/\/economiaconedmer.com\/economiaenserio\/wp-json\/wp\/v2\/tags?post=15280"}],"curies":[{"name":"wp","href":"https:\/\/api.w.org\/{rel}","templated":true}]}}