{"id":15258,"date":"2025-06-04T19:55:07","date_gmt":"2025-06-05T00:55:07","guid":{"rendered":"https:\/\/economiaconedmer.com\/economiaenserio\/?p=15258"},"modified":"2025-06-04T19:55:08","modified_gmt":"2025-06-05T00:55:08","slug":"regresa-vino-tinto-el-festival-de-sabores-de-el-tesoro-en-medellin","status":"publish","type":"post","link":"https:\/\/economiaconedmer.com\/economiaenserio\/06\/04\/regresa-vino-tinto-el-festival-de-sabores-de-el-tesoro-en-medellin\/el_resto\/2025\/","title":{"rendered":"Regresa Vino &amp; Tinto, el Festival de sabores de El Tesoro, en Medell\u00edn\u00a0"},"content":{"rendered":"\n<p><strong>Medell\u00edn, junio 4 de 2025.<\/strong> El vino, el caf\u00e9, el chocolate y el queso son m\u00e1s que alimentos. Cada uno lleva consigo una historia ancestral con<strong>\u00a0<\/strong>expresiones de la tierra, el clima, el tiempo y la mano humana, que los convierte en productos \u00fanicos. Adem\u00e1s de un componente sensorial que hace que su consumo no pase inadvertido. Disfrutarlos juntos es invitar al placer lento, a la conversaci\u00f3n, a la pausa; son c\u00f3mplices perfectos de momentos que nos conectan.<\/p>\n\n\n\n<p>Entre el 5 y el 8 de junio el caf\u00e9, el vino, el chocolate y el queso ser\u00e1n los protagonistas de la tercera edici\u00f3n del Festival Vino &amp; Tinto El Tesoro, una apuesta con la que el Parque Comercial invita a nuevas experiencias para generar valor entre sus visitantes.&nbsp;<em>\u201cLos invitamos a darse el privilegio de una pausa para disfrutar y aprender alrededor de un buen vino, un buen caf\u00e9 y sus maridajes. Una celebraci\u00f3n que no s\u00f3lo despierta los sentidos, sino que tambi\u00e9n honra el trabajo de nuestros productores artesanales, quienes con pasi\u00f3n y maestr\u00eda transforman lo cotidiano en extraordinario<\/em>.\u201d Afirma Adriana Gonz\u00e1lez, gerente de El Tesoro.&nbsp;<\/p>\n\n\n\n<p>Adem\u00e1s de beneficiar a los consumidores con experiencias y productos \u00fanicos, que no se encuentran f\u00e1cilmente en canales de distribuci\u00f3n masivos, el Festival abre este espacio a productores locales y artesanales para educar alrededor de sus marcas y ampliar su mercado.&nbsp;\u201c<em>Participar en Vino &amp; Tinto representa una valiosa oportunidad para fortalecer el posicionamiento de nuestra marca de caf\u00e9 Madre Selva. Este espacio nos permite conectar con los consumidores a trav\u00e9s de aquello que nos hace aut\u00e9nticos: compartir la historia de nuestras fincas, mostrar la los diferentes varietales de caf\u00e9 de especialidad que cultivamos, maridar con nuestro cacao fino de aroma y seguir educando sobre la importancia de consumir caf\u00e9s especiales\u201d,&nbsp;<\/em>afirma Brayan Casta\u00f1eda, coordinador de mercadeo de Madre Selva y facilitador de caf\u00e9<\/p>\n\n\n\n<p><\/p>\n","protected":false},"excerpt":{"rendered":"<p>Medell\u00edn, junio 4 de 2025. El vino, el caf\u00e9, el chocolate y el queso son m\u00e1s que alimentos. Cada uno lleva consigo una historia ancestral con\u00a0expresiones de la tierra, el clima, el tiempo y la mano humana, que los convierte en productos \u00fanicos. Adem\u00e1s de un componente sensorial que hace que su consumo no pase&#8230;<\/p>\n","protected":false},"author":5,"featured_media":15259,"comment_status":"closed","ping_status":"closed","sticky":false,"template":"","format":"standard","meta":{"_FSMCFIC_featured_image_caption":"","_FSMCFIC_featured_image_nocaption":"","_FSMCFIC_featured_image_hide":"","footnotes":""},"categories":[22],"tags":[],"class_list":["post-15258","post","type-post","status-publish","format-standard","has-post-thumbnail","hentry","category-el_resto"],"_links":{"self":[{"href":"https:\/\/economiaconedmer.com\/economiaenserio\/wp-json\/wp\/v2\/posts\/15258","targetHints":{"allow":["GET"]}}],"collection":[{"href":"https:\/\/economiaconedmer.com\/economiaenserio\/wp-json\/wp\/v2\/posts"}],"about":[{"href":"https:\/\/economiaconedmer.com\/economiaenserio\/wp-json\/wp\/v2\/types\/post"}],"author":[{"embeddable":true,"href":"https:\/\/economiaconedmer.com\/economiaenserio\/wp-json\/wp\/v2\/users\/5"}],"replies":[{"embeddable":true,"href":"https:\/\/economiaconedmer.com\/economiaenserio\/wp-json\/wp\/v2\/comments?post=15258"}],"version-history":[{"count":1,"href":"https:\/\/economiaconedmer.com\/economiaenserio\/wp-json\/wp\/v2\/posts\/15258\/revisions"}],"predecessor-version":[{"id":15260,"href":"https:\/\/economiaconedmer.com\/economiaenserio\/wp-json\/wp\/v2\/posts\/15258\/revisions\/15260"}],"wp:featuredmedia":[{"embeddable":true,"href":"https:\/\/economiaconedmer.com\/economiaenserio\/wp-json\/wp\/v2\/media\/15259"}],"wp:attachment":[{"href":"https:\/\/economiaconedmer.com\/economiaenserio\/wp-json\/wp\/v2\/media?parent=15258"}],"wp:term":[{"taxonomy":"category","embeddable":true,"href":"https:\/\/economiaconedmer.com\/economiaenserio\/wp-json\/wp\/v2\/categories?post=15258"},{"taxonomy":"post_tag","embeddable":true,"href":"https:\/\/economiaconedmer.com\/economiaenserio\/wp-json\/wp\/v2\/tags?post=15258"}],"curies":[{"name":"wp","href":"https:\/\/api.w.org\/{rel}","templated":true}]}}