{"id":15253,"date":"2025-06-03T20:42:56","date_gmt":"2025-06-04T01:42:56","guid":{"rendered":"https:\/\/economiaconedmer.com\/economiaenserio\/?p=15253"},"modified":"2025-06-03T20:45:15","modified_gmt":"2025-06-04T01:45:15","slug":"petro-alista-decreto-para-convocar-a-la-consulta-popular","status":"publish","type":"post","link":"https:\/\/economiaconedmer.com\/economiaenserio\/06\/03\/petro-alista-decreto-para-convocar-a-la-consulta-popular\/el_bolsillo\/2025\/","title":{"rendered":"Petro convocar\u00e1 por decreto la Consulta Popular"},"content":{"rendered":"\n<p>El Presidente Gustavo Petro confirm\u00f3 lo que se percib\u00eda en el ambiente pol\u00edtico. Confirm\u00f3 que en los pr\u00f3ximos d\u00edas expedir\u00e1 el decreto para convocar a los colombianos a una Consulta Popular, que busca salvar la reforma laboral presentada por su Gobierno al Congreso.<\/p>\n\n\n\n<p>El mandatario dijo que el proyecto que se est\u00e1 discutiendo en el Congreso ya fue desfigurado y su Gobierno no acepta los cambios introducidos por los legisladores, es decir, que la Consulta va porque va.<br>\u00abSi creen que los colombianos no aprueban la reforma laboral, entonces por qu\u00e9 no permiten que se haga la consulta dijo el mandatario\u00bb.<\/p>\n\n\n\n<p>El anuncio hecho en la alocuci\u00f3n televisada de este lunes 3 de junio, el Presidente les pidi\u00f3 a las cortes aprobar la reforma a las pensiones y la Consulta Popular.<\/p>\n\n\n\n<p>La intervenci\u00f3n del mandatario agudiz\u00f3 la tensi\u00f3n y la pol\u00e9mica jur\u00eddica interna. Los sectores que se oponen a la Consulta aseguraron que el desconocimiento del Gobierno a la negativa expresada hace 15 d\u00edas por el Senado de la Rep\u00fablica no le da pie al Gobierno para convocar los colombianos a las urnas, ya que este mecanismo ya fue negado.    <\/p>\n\n\n\n<p>Petro insisti\u00f3 en que el pa\u00eds debe seguir el mandato del pueblo y dejar atr\u00e1s la vieja costumbre de que la gente tiene que hacer lo que digan las clases que siembre han dominado el pa\u00eds.   <\/p>\n\n\n\n<p><\/p>\n","protected":false},"excerpt":{"rendered":"<p>El Presidente Gustavo Petro confirm\u00f3 lo que se percib\u00eda en el ambiente pol\u00edtico. Confirm\u00f3 que en los pr\u00f3ximos d\u00edas expedir\u00e1 el decreto para convocar a los colombianos a una Consulta Popular, que busca salvar la reforma laboral presentada por su Gobierno al Congreso. El mandatario dijo que el proyecto que se est\u00e1 discutiendo en el&#8230;<\/p>\n","protected":false},"author":5,"featured_media":15255,"comment_status":"closed","ping_status":"closed","sticky":false,"template":"","format":"standard","meta":{"_FSMCFIC_featured_image_caption":"","_FSMCFIC_featured_image_nocaption":"","_FSMCFIC_featured_image_hide":"","footnotes":""},"categories":[2],"tags":[],"class_list":["post-15253","post","type-post","status-publish","format-standard","has-post-thumbnail","hentry","category-el_bolsillo"],"_links":{"self":[{"href":"https:\/\/economiaconedmer.com\/economiaenserio\/wp-json\/wp\/v2\/posts\/15253","targetHints":{"allow":["GET"]}}],"collection":[{"href":"https:\/\/economiaconedmer.com\/economiaenserio\/wp-json\/wp\/v2\/posts"}],"about":[{"href":"https:\/\/economiaconedmer.com\/economiaenserio\/wp-json\/wp\/v2\/types\/post"}],"author":[{"embeddable":true,"href":"https:\/\/economiaconedmer.com\/economiaenserio\/wp-json\/wp\/v2\/users\/5"}],"replies":[{"embeddable":true,"href":"https:\/\/economiaconedmer.com\/economiaenserio\/wp-json\/wp\/v2\/comments?post=15253"}],"version-history":[{"count":2,"href":"https:\/\/economiaconedmer.com\/economiaenserio\/wp-json\/wp\/v2\/posts\/15253\/revisions"}],"predecessor-version":[{"id":15257,"href":"https:\/\/economiaconedmer.com\/economiaenserio\/wp-json\/wp\/v2\/posts\/15253\/revisions\/15257"}],"wp:featuredmedia":[{"embeddable":true,"href":"https:\/\/economiaconedmer.com\/economiaenserio\/wp-json\/wp\/v2\/media\/15255"}],"wp:attachment":[{"href":"https:\/\/economiaconedmer.com\/economiaenserio\/wp-json\/wp\/v2\/media?parent=15253"}],"wp:term":[{"taxonomy":"category","embeddable":true,"href":"https:\/\/economiaconedmer.com\/economiaenserio\/wp-json\/wp\/v2\/categories?post=15253"},{"taxonomy":"post_tag","embeddable":true,"href":"https:\/\/economiaconedmer.com\/economiaenserio\/wp-json\/wp\/v2\/tags?post=15253"}],"curies":[{"name":"wp","href":"https:\/\/api.w.org\/{rel}","templated":true}]}}