{"id":15218,"date":"2025-06-02T20:12:12","date_gmt":"2025-06-03T01:12:12","guid":{"rendered":"https:\/\/economiaconedmer.com\/economiaenserio\/?p=15218"},"modified":"2025-06-02T20:17:05","modified_gmt":"2025-06-03T01:17:05","slug":"el-desempleo-sigue-en-descenso-en-colombia-ya-esta-en-88","status":"publish","type":"post","link":"https:\/\/economiaconedmer.com\/economiaenserio\/06\/02\/el-desempleo-sigue-en-descenso-en-colombia-ya-esta-en-88\/el_bolsillo\/2025\/","title":{"rendered":"El desempleo sigue en descenso; ya est\u00e1 en 8,8%"},"content":{"rendered":"\n<p>El Dane revel\u00f3 que la tasa nacional de desempleo en abril se ubic\u00f3 en 8,8%, mientras que en el mismo mes del a\u00f1o pasada hab\u00eda sido de 10,6%. Por su parte, el desempleo a abril, en las 13 ciudades y \u00e1reas metropolitanas, fue 8,7%.<\/p>\n\n\n\n<p>La tasa de desocupaci\u00f3n de las mujeres, para el total nacional, en abril de 2025, fue del 11,2%, mientras que para los hombres fue del 7,0%, lo que equivale a una brecha de g\u00e9nero de 4,1 puntos porcentuales (p.p.).<\/p>\n\n\n\n<p>La administraci\u00f3n p\u00fablica y defensa, educaci\u00f3n y atenci\u00f3n de la salud humana, fueron las ramas de la actividad econ\u00f3mica que m\u00e1s aportaron a la variaci\u00f3n positiva de la poblaci\u00f3n ocupada en abril de 2025. En estos sectores se generaron 235 mil puesto de trabajo, nuevos.<\/p>\n\n\n\n<p>La poblaci\u00f3n desocupada a nivel nacional present\u00f3 una disminuci\u00f3n de 454 mil personas, con una variaci\u00f3n porcentual de -16,7%.<\/p>\n\n\n\n<p>A su vez, la Tasa Global de Participaci\u00f3n (TGP) en abril de 2025 fue de 63,7%. Por su parte, la Tasa<br>de Ocupaci\u00f3n (TO) reflej\u00f3 un incremento estad\u00edsticamente significativo de 0,9 p.p., ubic\u00e1ndose en<br>58,1%, mientras que en abril de 2024 fue de 57,2%.<\/p>\n\n\n\n<p>   <\/p>\n","protected":false},"excerpt":{"rendered":"<p>El Dane revel\u00f3 que la tasa nacional de desempleo en abril se ubic\u00f3 en 8,8%, mientras que en el mismo mes del a\u00f1o pasada hab\u00eda sido de 10,6%. Por su parte, el desempleo a abril, en las 13 ciudades y \u00e1reas metropolitanas, fue 8,7%. La tasa de desocupaci\u00f3n de las mujeres, para el total nacional,&#8230;<\/p>\n","protected":false},"author":5,"featured_media":15221,"comment_status":"closed","ping_status":"closed","sticky":false,"template":"","format":"standard","meta":{"_FSMCFIC_featured_image_caption":"","_FSMCFIC_featured_image_nocaption":"","_FSMCFIC_featured_image_hide":"","footnotes":""},"categories":[2],"tags":[],"class_list":["post-15218","post","type-post","status-publish","format-standard","has-post-thumbnail","hentry","category-el_bolsillo"],"_links":{"self":[{"href":"https:\/\/economiaconedmer.com\/economiaenserio\/wp-json\/wp\/v2\/posts\/15218","targetHints":{"allow":["GET"]}}],"collection":[{"href":"https:\/\/economiaconedmer.com\/economiaenserio\/wp-json\/wp\/v2\/posts"}],"about":[{"href":"https:\/\/economiaconedmer.com\/economiaenserio\/wp-json\/wp\/v2\/types\/post"}],"author":[{"embeddable":true,"href":"https:\/\/economiaconedmer.com\/economiaenserio\/wp-json\/wp\/v2\/users\/5"}],"replies":[{"embeddable":true,"href":"https:\/\/economiaconedmer.com\/economiaenserio\/wp-json\/wp\/v2\/comments?post=15218"}],"version-history":[{"count":2,"href":"https:\/\/economiaconedmer.com\/economiaenserio\/wp-json\/wp\/v2\/posts\/15218\/revisions"}],"predecessor-version":[{"id":15220,"href":"https:\/\/economiaconedmer.com\/economiaenserio\/wp-json\/wp\/v2\/posts\/15218\/revisions\/15220"}],"wp:featuredmedia":[{"embeddable":true,"href":"https:\/\/economiaconedmer.com\/economiaenserio\/wp-json\/wp\/v2\/media\/15221"}],"wp:attachment":[{"href":"https:\/\/economiaconedmer.com\/economiaenserio\/wp-json\/wp\/v2\/media?parent=15218"}],"wp:term":[{"taxonomy":"category","embeddable":true,"href":"https:\/\/economiaconedmer.com\/economiaenserio\/wp-json\/wp\/v2\/categories?post=15218"},{"taxonomy":"post_tag","embeddable":true,"href":"https:\/\/economiaconedmer.com\/economiaenserio\/wp-json\/wp\/v2\/tags?post=15218"}],"curies":[{"name":"wp","href":"https:\/\/api.w.org\/{rel}","templated":true}]}}