{"id":15186,"date":"2025-05-30T21:01:33","date_gmt":"2025-05-31T02:01:33","guid":{"rendered":"https:\/\/economiaconedmer.com\/economiaenserio\/?p=15186"},"modified":"2025-05-30T21:01:33","modified_gmt":"2025-05-31T02:01:33","slug":"sociedades-cientificas-piden-tener-en-cuenta-sus-aportes-a-reforma-a-la-salud","status":"publish","type":"post","link":"https:\/\/economiaconedmer.com\/economiaenserio\/05\/30\/sociedades-cientificas-piden-tener-en-cuenta-sus-aportes-a-reforma-a-la-salud\/el_resto\/2025\/","title":{"rendered":"Sociedades cient\u00edficas piden tener en cuenta sus aportes a reforma a la salud"},"content":{"rendered":"\n<p><strong>Bogot\u00e1, 29 de mayo de 2025.<\/strong>\u00a0La Asociaci\u00f3n Colombiana de Sociedades Cient\u00edficas (ACSC), expres\u00f3 isu  preocupaci\u00f3n porque pese a los esfuerzos coordinados por\u00a0varias organizaciones m\u00e9dicas\u00a0para aportar al debate de la\u00a0reforma laboral actualmente en tr\u00e1mite en el Senado,\u00a0con miras a la protecci\u00f3n de los derechos laborales de los trabajadores de la salud del sector privado,\u00a0sus propuestas no fueron tenidas en cuenta.<\/p>\n\n\n\n<p>\u00abDurante las \u00faltimas semanas, hemos solicitado de manera reiterada ser parte activa de la discusi\u00f3n, proponiendo art\u00edculos orientados a garantizar condiciones laborales dignas y justas para el talento humano en salud\u00a0en el sector privado.\u00a0Nuestras\u00a0propuestas buscan promover la\u00a0formalizaci\u00f3n, estabilidad y dignificaci\u00f3n del empleo, as\u00ed como incorporar medidas espec\u00edficas que reconozcan las particularidades del trabajo asistencial en Colombia, y una\u00a0supervisi\u00f3n estatal efectiva, con mecanismos claros para garantizar el cumplimiento de los derechos laborales en el\u00a0sector\u00bb.<\/p>\n\n\n\n<p>El gremio dijo que, aunque ha sido reconocido por las distintas entidades tanto del ejecutivo como del legislativo, y en algunas ocasiones se ha permitido exponerlos en los distintos escenarios en los que se ha dado la discusi\u00f3n, solo ha quedado en palabras y promesas pol\u00edticas.\u00a0\u00abEs sabido\u00a0que el 80% de los trabajadores del sector salud en Colombia est\u00e1n en el sector privado y sus\u00a0condiciones de empleo, en los dos \u00faltimos a\u00f1os, presentan un alto porcentaje de abuso de la posici\u00f3n dominante de empleadores sobre trabajadores, el cual se refleja en la disminuci\u00f3n de salarios\u00a0y\u00a0honorarios, la modificaci\u00f3n arbitraria de horarios, cambios radicales de las condiciones contractuales, terminaci\u00f3n de contratos sin justa causa o lo que es peor\u00a0terminaci\u00f3n\u00a0por el cierre de servicios debido a la crisis de la salud.\u00a0M\u00e1s 65% de los m\u00e9dicos y profesionales est\u00e1n contratados por prestaci\u00f3n de servicios\u00a0padeciendo\u00a0sobrecarga de trabajo e incertidumbre,\u00a0afectando\u00a0su salud mental\u00bb.\u00a0<\/p>\n\n\n\n<p>Aseguraron que sus propuestas no han sido analizadas por los congresistas, ni de la C\u00e1mara ni del Senado, prueba de ello es\u00a0el articulado\u00a0aprobado\u00a0en\u00a0tercer debate por la\u00a0Comisi\u00f3n Cuarta del Senado. Esta exclusi\u00f3n injustificada resulta alarmante, ya que deja por fuera las voces de quienes representan a miles de profesionales de la salud que hoy enfrentan condiciones laborales precarias, inestabilidad contractual y falta de garant\u00edas.\u00a0<\/p>\n\n\n\n<p>\u00abEsperamos\u00a0que nuestras propuestas sean estudiadas e incluidas en el proyecto que se discutir\u00e1 en la plenaria del Senado y\u00a0que en adelante se garantice una verdadera participaci\u00f3n de los actores del sector salud en las decisiones que\u00a0nos afectan directamente. Seguiremos luchando por los derechos laborales del talento humano en salud y la salud de los colombianos\u00bb, afirma el documento firmado por el m\u00e9dico Guillermo Agamen\u00f3n Quintero, presidente de la ACSC.<\/p>\n","protected":false},"excerpt":{"rendered":"<p>Bogot\u00e1, 29 de mayo de 2025.\u00a0La Asociaci\u00f3n Colombiana de Sociedades Cient\u00edficas (ACSC), expres\u00f3 isu preocupaci\u00f3n porque pese a los esfuerzos coordinados por\u00a0varias organizaciones m\u00e9dicas\u00a0para aportar al debate de la\u00a0reforma laboral actualmente en tr\u00e1mite en el Senado,\u00a0con miras a la protecci\u00f3n de los derechos laborales de los trabajadores de la salud del sector privado,\u00a0sus propuestas no&#8230;<\/p>\n","protected":false},"author":5,"featured_media":15187,"comment_status":"closed","ping_status":"closed","sticky":false,"template":"","format":"standard","meta":{"_FSMCFIC_featured_image_caption":"","_FSMCFIC_featured_image_nocaption":"","_FSMCFIC_featured_image_hide":"","footnotes":""},"categories":[22],"tags":[],"class_list":["post-15186","post","type-post","status-publish","format-standard","has-post-thumbnail","hentry","category-el_resto"],"_links":{"self":[{"href":"https:\/\/economiaconedmer.com\/economiaenserio\/wp-json\/wp\/v2\/posts\/15186","targetHints":{"allow":["GET"]}}],"collection":[{"href":"https:\/\/economiaconedmer.com\/economiaenserio\/wp-json\/wp\/v2\/posts"}],"about":[{"href":"https:\/\/economiaconedmer.com\/economiaenserio\/wp-json\/wp\/v2\/types\/post"}],"author":[{"embeddable":true,"href":"https:\/\/economiaconedmer.com\/economiaenserio\/wp-json\/wp\/v2\/users\/5"}],"replies":[{"embeddable":true,"href":"https:\/\/economiaconedmer.com\/economiaenserio\/wp-json\/wp\/v2\/comments?post=15186"}],"version-history":[{"count":1,"href":"https:\/\/economiaconedmer.com\/economiaenserio\/wp-json\/wp\/v2\/posts\/15186\/revisions"}],"predecessor-version":[{"id":15188,"href":"https:\/\/economiaconedmer.com\/economiaenserio\/wp-json\/wp\/v2\/posts\/15186\/revisions\/15188"}],"wp:featuredmedia":[{"embeddable":true,"href":"https:\/\/economiaconedmer.com\/economiaenserio\/wp-json\/wp\/v2\/media\/15187"}],"wp:attachment":[{"href":"https:\/\/economiaconedmer.com\/economiaenserio\/wp-json\/wp\/v2\/media?parent=15186"}],"wp:term":[{"taxonomy":"category","embeddable":true,"href":"https:\/\/economiaconedmer.com\/economiaenserio\/wp-json\/wp\/v2\/categories?post=15186"},{"taxonomy":"post_tag","embeddable":true,"href":"https:\/\/economiaconedmer.com\/economiaenserio\/wp-json\/wp\/v2\/tags?post=15186"}],"curies":[{"name":"wp","href":"https:\/\/api.w.org\/{rel}","templated":true}]}}