{"id":15032,"date":"2025-05-22T21:14:08","date_gmt":"2025-05-23T02:14:08","guid":{"rendered":"https:\/\/economiaconedmer.com\/economiaenserio\/?p=15032"},"modified":"2025-05-22T21:14:09","modified_gmt":"2025-05-23T02:14:09","slug":"mom-fest-en-tocancipa-para-celebrar-el-dia-de-la-madre","status":"publish","type":"post","link":"https:\/\/economiaconedmer.com\/economiaenserio\/05\/22\/mom-fest-en-tocancipa-para-celebrar-el-dia-de-la-madre\/destacados\/2025\/","title":{"rendered":"Mom Fest en Tocancip\u00e1, para celebrar el d\u00eda de la madre"},"content":{"rendered":"\n<p><strong>Tocancip\u00e1,\u00a0 mayo 21 de 2025<\/strong>. Tocancip\u00e1, ubicado a 22 kil\u00f3metros al norte de Bogot\u00e1, realizar\u00e1 el primer MOM FEST, un festival de dos d\u00edas para honrar y celebrar a todas las madres. Esta iniciativa del alcalde Walfrando Forero y la gestora social, Lizeth Reina, se llevar\u00e1 a cabo el s\u00e1bado 24 y el domingo 25 de mayo en la Villa Ol\u00edmpica de este municipio de la provincia Sabana Centro de Cundinamarca que espera a m\u00e1s de 12 mil mam\u00e1s de toda Colombia.<\/p>\n\n\n\n<p>Durante ese fin de semana los organizadores han dispuesto m\u00e1s de 17 experiencias, en diferentes stands, enfocadas en el cuidado, belleza, bienestar y oportunidades para las mam\u00e1s; de 9:00 a.m. a 5:00 p.m. \u201cellas podr\u00e1n pasar por cada una de las actividades para vivir una celebraci\u00f3n hist\u00f3rica enfocada en garantizar espacios inolvidables a las asistentes, un homenaje que se merecen y que hacemos para reconocerles el amor, dedicaci\u00f3n y valores que tenemos las madres colombianas\u201d asegur\u00f3 la Gestora Social de Tocancip\u00e1.<\/p>\n\n\n\n<p>Una programaci\u00f3n imperdible<\/p>\n\n\n\n<p>El s\u00e1bado 24 de mayo tendr\u00e1 una oraci\u00f3n por todas las madres, zumbat\u00f3n, clase de defensa personal, presentaciones culturales, chef en vivo y un almuerzo especial para las madres donde el anfitri\u00f3n de preparaci\u00f3n ser\u00e1 el mismo alcalde Forero. Adicional, estar\u00e1n a disposici\u00f3n las m\u00e1s de 17 experiencias entre las que se destacan spa, oferta educativa, servicios de salud, orientaci\u00f3n en emprendimientos y muchas sorpresas adicionales.<\/p>\n\n\n\n<p>El domingo 25 de mayo iniciar\u00e1 con un espect\u00e1culo de motos, al igual que estar\u00e1n dispuestas las experiencias para que todas las mam\u00e1s puedan realizarlas. Finalmente, Paola Jara, una de las mejores artistas de m\u00fasica popular del pa\u00eds, cerrar\u00e1 la celebraci\u00f3n con un gran concierto programado sobre el medio d\u00eda.<\/p>\n\n\n\n<p>Con este evento se genera un impacto social relevante por la poblaci\u00f3n al cual est\u00e1 dirigido y la naturaleza de las acciones que se tienen planeadas, raz\u00f3n por la cual estar\u00e1 acompa\u00f1ado por visitantes como el influenciador Juli\u00e1n Pinilla \u201cEl chico de la ruana\u201d, reciente ganador de un premio India Catalina, quien compartir\u00e1 con todas las personas durante el primer d\u00eda del evento.&nbsp;<\/p>\n\n\n\n<p>Este tipo de actividades marcan la diferencia en torno a lo que se acostumbra porque se hace un despliegue institucional y log\u00edstico que integra el valor que se merecen las madres de Colombia y los espacios que rara vez les dedican desde sus entornos. Para conocer m\u00e1s detalles de esta celebraci\u00f3n pueden ingresar al enlace:<\/p>\n\n\n\n<p><\/p>\n","protected":false},"excerpt":{"rendered":"<p>Tocancip\u00e1,\u00a0 mayo 21 de 2025. Tocancip\u00e1, ubicado a 22 kil\u00f3metros al norte de Bogot\u00e1, realizar\u00e1 el primer MOM FEST, un festival de dos d\u00edas para honrar y celebrar a todas las madres. Esta iniciativa del alcalde Walfrando Forero y la gestora social, Lizeth Reina, se llevar\u00e1 a cabo el s\u00e1bado 24 y el domingo 25&#8230;<\/p>\n","protected":false},"author":5,"featured_media":15033,"comment_status":"closed","ping_status":"closed","sticky":false,"template":"","format":"standard","meta":{"_FSMCFIC_featured_image_caption":"","_FSMCFIC_featured_image_nocaption":"","_FSMCFIC_featured_image_hide":"","footnotes":""},"categories":[21],"tags":[],"class_list":["post-15032","post","type-post","status-publish","format-standard","has-post-thumbnail","hentry","category-destacados"],"_links":{"self":[{"href":"https:\/\/economiaconedmer.com\/economiaenserio\/wp-json\/wp\/v2\/posts\/15032","targetHints":{"allow":["GET"]}}],"collection":[{"href":"https:\/\/economiaconedmer.com\/economiaenserio\/wp-json\/wp\/v2\/posts"}],"about":[{"href":"https:\/\/economiaconedmer.com\/economiaenserio\/wp-json\/wp\/v2\/types\/post"}],"author":[{"embeddable":true,"href":"https:\/\/economiaconedmer.com\/economiaenserio\/wp-json\/wp\/v2\/users\/5"}],"replies":[{"embeddable":true,"href":"https:\/\/economiaconedmer.com\/economiaenserio\/wp-json\/wp\/v2\/comments?post=15032"}],"version-history":[{"count":1,"href":"https:\/\/economiaconedmer.com\/economiaenserio\/wp-json\/wp\/v2\/posts\/15032\/revisions"}],"predecessor-version":[{"id":15034,"href":"https:\/\/economiaconedmer.com\/economiaenserio\/wp-json\/wp\/v2\/posts\/15032\/revisions\/15034"}],"wp:featuredmedia":[{"embeddable":true,"href":"https:\/\/economiaconedmer.com\/economiaenserio\/wp-json\/wp\/v2\/media\/15033"}],"wp:attachment":[{"href":"https:\/\/economiaconedmer.com\/economiaenserio\/wp-json\/wp\/v2\/media?parent=15032"}],"wp:term":[{"taxonomy":"category","embeddable":true,"href":"https:\/\/economiaconedmer.com\/economiaenserio\/wp-json\/wp\/v2\/categories?post=15032"},{"taxonomy":"post_tag","embeddable":true,"href":"https:\/\/economiaconedmer.com\/economiaenserio\/wp-json\/wp\/v2\/tags?post=15032"}],"curies":[{"name":"wp","href":"https:\/\/api.w.org\/{rel}","templated":true}]}}