{"id":15020,"date":"2025-05-22T20:52:09","date_gmt":"2025-05-23T01:52:09","guid":{"rendered":"https:\/\/economiaconedmer.com\/economiaenserio\/?p=15020"},"modified":"2025-05-22T20:52:47","modified_gmt":"2025-05-23T01:52:47","slug":"inicia-segunda-version-de-la-gran-feria-inmobiliaria-en-pereira","status":"publish","type":"post","link":"https:\/\/economiaconedmer.com\/economiaenserio\/05\/22\/inicia-segunda-version-de-la-gran-feria-inmobiliaria-en-pereira\/destacados\/2025\/","title":{"rendered":"Inicia la Gran Feria Inmobiliaria, en Pereira"},"content":{"rendered":"\n<p><strong>Pereira, mayo 22 de 2025<\/strong>. Pereira se alista para recibir la segunda versi\u00f3n de la Gran Feria Inmobiliaria, un evento que promete abrir \u201cla llave de las oportunidades\u201d para quienes buscan comprar vivienda, invertir en proyectos rentables o conocer la oferta formal del sector inmobiliario en la capital risaraldense.<\/p>\n\n\n\n<p>Organizada por la Lonja de Propiedad Ra\u00edz de Risaralda con el apoyo de Fedelonjas, y con el patrocinio de la Alcald\u00eda de Pereira, esta feria se consolida como una vitrina clave para el desarrollo urbano y econ\u00f3mico de la ciudad. El ingreso al p\u00fablico ser\u00e1 completamente gratuito. Durante tres d\u00edas, del 23 al 25 de mayo, cerca de 30 expositores entre constructoras, inmobiliarias, entidades financieras y proveedores con productos y servicios afines al sector, estar\u00e1n presentes en el Centro Comercial Pereira Plaza.<\/p>\n\n\n\n<p><strong>Un impulso desde lo p\u00fablico<\/strong><\/p>\n\n\n\n<p>\u201cLa Gran Feria Inmobiliaria es una oportunidad no solo para dinamizar la econom\u00eda, sino tambi\u00e9n para fortalecer la formalidad en el sector. Desde la Secretar\u00eda de Vivienda Social respaldamos a las empresas que cumplen lo que prometen, que construyen con calidad, que acompa\u00f1an al comprador desde el inicio hasta la entrega del inmueble, que prestan un servicio profesional de arrendamientos, lo que nos motiva a apoyar este tipo de iniciativas\u201d, se\u00f1al\u00f3 la doctora Carolina Bustamante, Secretar\u00eda de Vivienda Social de Pereira.<\/p>\n\n\n\n<p>La Administraci\u00f3n Municipal ha reiterado su compromiso con el desarrollo ordenado y responsable de la ciudad, impulsando alianzas estrat\u00e9gicas con el sector privado y promoviendo la vivienda como un derecho y una inversi\u00f3n sostenible.<\/p>\n\n\n\n<p>Esta visi\u00f3n institucional se alinea con la nueva campa\u00f1a de ciudad \u201cPereira lo tiene\u201d, que busca resaltar todo lo positivo que la capital risaraldense ofrece a propios y visitantes. En materia de vivienda, Pereira tiene respaldo institucional, oferta variada, oportunidades de inversi\u00f3n y un ecosistema ideal para vivir con calidad. La Gran Feria Inmobiliaria es una muestra tangible de ese compromiso.<\/p>\n\n\n\n<p><strong>Momento ideal para invertir<\/strong><\/p>\n\n\n\n<p>La Feria se convierte en una excelente oportunidad para hacer buenos negocios. De acuerdo con Felipe G\u00f3mez Jaramillo, Gerente de la Lonja de Propiedad Ra\u00edz de Risaralda, \u201cen el mes de junio los trabajadores reciben su prima legal, lo cual es una oportunidad perfecta para tomar decisiones financieras inteligentes y pensar en el futuro. Invertir en bienes ra\u00edces permite valorizar el patrimonio y generar estabilidad a largo plazo, por eso somos la llave de las oportunidades. En la Feria, los clientes encontrar\u00e1n variedad de viviendas, plazos amplios para el pago de la cuota inicial y precios de oportunidad por nuevos lanzamientos.<\/p>\n\n\n\n<p>Vemos que Pereira cada d\u00eda es una ciudad m\u00e1s responsable con respecto a la venta de vivienda nueva, entre otras, desde lo sostenible, desde la estructuraci\u00f3n de los proyectos, el cumplimiento de puntos de equilibro o la constituci\u00f3n de fiducias que protegen las inversiones de los clientes. As\u00ed mismo, por ejemplo, las empresas de arrendamientos son cuidadosas en respaldar sus contratos en seguros o fianzas que garanticen el pago oportuno de los c\u00e1nones a los propietarios que compran por inversi\u00f3n. Este tambi\u00e9n es un tema muy importante, ya que colombianos residentes en otras partes o los extranjeros que compran por inversi\u00f3n no tienen que preocuparse por qui\u00e9n administrar\u00e1 su propiedad, ya que en Pereira existe amplia oferta de inmobiliarias legalmente constituidas y expertas en la prestaci\u00f3n de este servicio.<\/p>\n\n\n\n<p><strong>Un balance exitoso en su primera versi\u00f3n<\/strong><\/p>\n\n\n\n<p>La versi\u00f3n 2.024 de la feria dej\u00f3 cifras contundentes: m\u00e1s de 25 expositores, una asistencia cercana a las 28.000 personas y negocios cerrados por m\u00e1s de $10.000 millones, seg\u00fan reportes de los participantes. Este a\u00f1o, los organizadores esperan superar ese impacto con una oferta a\u00fan m\u00e1s diversificada.<\/p>\n\n\n\n<p><strong>Un sector en evoluci\u00f3n<\/strong><\/p>\n\n\n\n<p>En la feria se podr\u00e1 encontrar oferta de vivienda nueva, inmuebles usados, arriendos, financiaci\u00f3n, proyectos orientados a rentas cortas, y soluciones complementarias. Este espacio busca conectar a compradores con empresas de trayectoria que cumplen est\u00e1ndares de calidad y legalidad.<\/p>\n\n\n\n<p>\u201cEs una oportunidad para que el ciudadano acceda a informaci\u00f3n confiable y tome decisiones bien orientadas. La Lonja de Propiedad Ra\u00edz de Risaralda viene trabajando en el fortalecimiento gremial, el respaldo a los profesionales del sector y la articulaci\u00f3n con entidades que impulsan el crecimiento responsable\u201d, se\u00f1al\u00f3 Felipe G\u00f3mez, gerente de dicha entidad gremial.<\/p>\n\n\n\n<p><strong>Pereira, tierra de inversi\u00f3n<\/strong><\/p>\n\n\n\n<p>Con una ubicaci\u00f3n estrat\u00e9gica, un entorno atractivo para vivir y menores precios por metro cuadrado frente a ciudades como Bogot\u00e1, Medell\u00edn y Cali, Pereira se consolida como una de las ciudades intermedias m\u00e1s din\u00e1micas del Pa\u00eds. La infraestructura vial, el avance en proyectos urbanos y la calidad de vida han hecho de la capital de Risaralda un punto de referencia para quienes desean invertir o establecer su hogar en el Eje Cafetero. Esto es un gran atractivo, no s\u00f3lo para los pereiranos, sino para quienes viven en otras ciudades, colombianos en el exterior y extranjeros.<\/p>\n\n\n\n<p>La Gran Feria Inmobiliaria 2.025 ser\u00e1, sin duda, el escenario ideal para descubrir todo lo que Pereira tiene por ofrecer. Porque en esta ciudad, cada puerta que se abre puede ser el inicio de una nueva historia.<\/p>\n\n\n\n<p><\/p>\n","protected":false},"excerpt":{"rendered":"<p>Pereira, mayo 22 de 2025. Pereira se alista para recibir la segunda versi\u00f3n de la Gran Feria Inmobiliaria, un evento que promete abrir \u201cla llave de las oportunidades\u201d para quienes buscan comprar vivienda, invertir en proyectos rentables o conocer la oferta formal del sector inmobiliario en la capital risaraldense. Organizada por la Lonja de Propiedad&#8230;<\/p>\n","protected":false},"author":5,"featured_media":0,"comment_status":"closed","ping_status":"closed","sticky":false,"template":"","format":"standard","meta":{"_FSMCFIC_featured_image_caption":"","_FSMCFIC_featured_image_nocaption":"","_FSMCFIC_featured_image_hide":"","footnotes":""},"categories":[21],"tags":[],"class_list":["post-15020","post","type-post","status-publish","format-standard","hentry","category-destacados"],"_links":{"self":[{"href":"https:\/\/economiaconedmer.com\/economiaenserio\/wp-json\/wp\/v2\/posts\/15020","targetHints":{"allow":["GET"]}}],"collection":[{"href":"https:\/\/economiaconedmer.com\/economiaenserio\/wp-json\/wp\/v2\/posts"}],"about":[{"href":"https:\/\/economiaconedmer.com\/economiaenserio\/wp-json\/wp\/v2\/types\/post"}],"author":[{"embeddable":true,"href":"https:\/\/economiaconedmer.com\/economiaenserio\/wp-json\/wp\/v2\/users\/5"}],"replies":[{"embeddable":true,"href":"https:\/\/economiaconedmer.com\/economiaenserio\/wp-json\/wp\/v2\/comments?post=15020"}],"version-history":[{"count":2,"href":"https:\/\/economiaconedmer.com\/economiaenserio\/wp-json\/wp\/v2\/posts\/15020\/revisions"}],"predecessor-version":[{"id":15022,"href":"https:\/\/economiaconedmer.com\/economiaenserio\/wp-json\/wp\/v2\/posts\/15020\/revisions\/15022"}],"wp:attachment":[{"href":"https:\/\/economiaconedmer.com\/economiaenserio\/wp-json\/wp\/v2\/media?parent=15020"}],"wp:term":[{"taxonomy":"category","embeddable":true,"href":"https:\/\/economiaconedmer.com\/economiaenserio\/wp-json\/wp\/v2\/categories?post=15020"},{"taxonomy":"post_tag","embeddable":true,"href":"https:\/\/economiaconedmer.com\/economiaenserio\/wp-json\/wp\/v2\/tags?post=15020"}],"curies":[{"name":"wp","href":"https:\/\/api.w.org\/{rel}","templated":true}]}}