{"id":14991,"date":"2025-05-20T20:48:10","date_gmt":"2025-05-21T01:48:10","guid":{"rendered":"https:\/\/economiaconedmer.com\/economiaenserio\/?p=14991"},"modified":"2025-05-20T20:54:43","modified_gmt":"2025-05-21T01:54:43","slug":"recorte-al-icbf-dejaria-desprotegidos-a-mas-de-10-mil-ninos-en-bogota","status":"publish","type":"post","link":"https:\/\/economiaconedmer.com\/economiaenserio\/05\/20\/recorte-al-icbf-dejaria-desprotegidos-a-mas-de-10-mil-ninos-en-bogota\/corticas\/2025\/","title":{"rendered":"Recorte al ICBF dejar\u00eda desprotegidos a m\u00e1s de 10 mil ni\u00f1os en Bogot\u00e1"},"content":{"rendered":"\n<p>Ante el preocupante recorte presupuestal del ICBF, el concejal de Bogot\u00e1 \u00d3scar Vahos hizo un fuerte pronunciamiento se\u00f1alando que el gobierno de Petro contin\u00faa tomando decisiones que afectan de manera grave al programa de madres comunitarias y a la primera infancia en el pa\u00eds. \u201cNo contento con las promesas incumplidas sobre formalizaci\u00f3n laboral, y el sistem\u00e1tico atropello a los derechos de las madres comunitarias en t\u00e9rminos de contrataci\u00f3n y pagos, el gobierno de Petro ahora hizo p\u00fablico un recorte de 30 mil millones de pesos en el rubro de jard\u00ednes infantiles cofinanciados que dejan en vulnerabilidad y sin cuidado a m\u00e1s de diez mil ni\u00f1os en Bogot\u00e1\u201d, expres\u00f3 el concejal.<br>Esta reducci\u00f3n tiene como consecuencia directa la imposibilidad de subsidiar 10.000 cupos en atenci\u00f3n a la primera infancia, lo que se traduce en el cierre inmediato de hogares administrados por las madres comunitarias.<\/p>\n","protected":false},"excerpt":{"rendered":"<p>Ante el preocupante recorte presupuestal del ICBF, el concejal de Bogot\u00e1 \u00d3scar Vahos hizo un fuerte pronunciamiento se\u00f1alando que el gobierno de Petro contin\u00faa tomando decisiones que afectan de manera grave al programa de madres comunitarias y a la primera infancia en el pa\u00eds. \u201cNo contento con las promesas incumplidas sobre formalizaci\u00f3n laboral, y el&#8230;<\/p>\n","protected":false},"author":5,"featured_media":14996,"comment_status":"closed","ping_status":"closed","sticky":false,"template":"","format":"standard","meta":{"_FSMCFIC_featured_image_caption":"","_FSMCFIC_featured_image_nocaption":"","_FSMCFIC_featured_image_hide":"","footnotes":""},"categories":[23],"tags":[],"class_list":["post-14991","post","type-post","status-publish","format-standard","has-post-thumbnail","hentry","category-corticas"],"_links":{"self":[{"href":"https:\/\/economiaconedmer.com\/economiaenserio\/wp-json\/wp\/v2\/posts\/14991","targetHints":{"allow":["GET"]}}],"collection":[{"href":"https:\/\/economiaconedmer.com\/economiaenserio\/wp-json\/wp\/v2\/posts"}],"about":[{"href":"https:\/\/economiaconedmer.com\/economiaenserio\/wp-json\/wp\/v2\/types\/post"}],"author":[{"embeddable":true,"href":"https:\/\/economiaconedmer.com\/economiaenserio\/wp-json\/wp\/v2\/users\/5"}],"replies":[{"embeddable":true,"href":"https:\/\/economiaconedmer.com\/economiaenserio\/wp-json\/wp\/v2\/comments?post=14991"}],"version-history":[{"count":1,"href":"https:\/\/economiaconedmer.com\/economiaenserio\/wp-json\/wp\/v2\/posts\/14991\/revisions"}],"predecessor-version":[{"id":14992,"href":"https:\/\/economiaconedmer.com\/economiaenserio\/wp-json\/wp\/v2\/posts\/14991\/revisions\/14992"}],"wp:featuredmedia":[{"embeddable":true,"href":"https:\/\/economiaconedmer.com\/economiaenserio\/wp-json\/wp\/v2\/media\/14996"}],"wp:attachment":[{"href":"https:\/\/economiaconedmer.com\/economiaenserio\/wp-json\/wp\/v2\/media?parent=14991"}],"wp:term":[{"taxonomy":"category","embeddable":true,"href":"https:\/\/economiaconedmer.com\/economiaenserio\/wp-json\/wp\/v2\/categories?post=14991"},{"taxonomy":"post_tag","embeddable":true,"href":"https:\/\/economiaconedmer.com\/economiaenserio\/wp-json\/wp\/v2\/tags?post=14991"}],"curies":[{"name":"wp","href":"https:\/\/api.w.org\/{rel}","templated":true}]}}