{"id":14974,"date":"2025-05-20T20:08:21","date_gmt":"2025-05-21T01:08:21","guid":{"rendered":"https:\/\/economiaconedmer.com\/economiaenserio\/?p=14974"},"modified":"2025-05-20T20:08:22","modified_gmt":"2025-05-21T01:08:22","slug":"plasticos-nacionales-crecieron-63-impulsados-por-las-exportaciones","status":"publish","type":"post","link":"https:\/\/economiaconedmer.com\/economiaenserio\/05\/20\/plasticos-nacionales-crecieron-63-impulsados-por-las-exportaciones\/el_resto\/2025\/","title":{"rendered":"Pl\u00e1sticos nacionales crecieron 6,3%, impulsados por las exportaciones"},"content":{"rendered":"\n<p>La industria pl\u00e1stica colombiana muestra se\u00f1ales claras de dinamismo. En marzo de 2025, la producci\u00f3n real del sector creci\u00f3 un&nbsp;<strong>6,3%<\/strong>&nbsp;frente al mismo mes del a\u00f1o anterior, de acuerdo con cifras oficiales del DANE. En el acumulado del primer trimestre, es decir, entre enero y marzo, el crecimiento fue del&nbsp;<strong>3,4%<\/strong>, consolidando una tendencia positiva al encontrarse por encima del promedio de la industria, lo cual refleja el fortalecimiento de la actividad productiva y comercial del sector.<\/p>\n\n\n\n<p>El principal motor de este desempe\u00f1o ha sido el aumento sostenido de las exportaciones, con una mayor presencia en mercados como Estados Unidos y Am\u00e9rica Latina.&nbsp;<em>\u201cEstamos exportando todo tipo de productos: rollos y pel\u00edculas para empaques, tuber\u00edas, art\u00edculos para mesa, cocina, tapas, preformas para botellas, entre otros. Este crecimiento externo ha sido clave para impulsar la producci\u00f3n en 2025\u201d<\/em>, explic\u00f3&nbsp;<strong>Daniel Mitchell, presidente ejecutivo de Acopl\u00e1sticos<\/strong>.<\/p>\n\n\n\n<p>Adem\u00e1s del impulso exportador, se ha evidenciado una recuperaci\u00f3n significativa en segmentos espec\u00edficos. Es el caso del sector de pl\u00e1sticos para la construcci\u00f3n, que muestra un mejor arranque en 2025 tras un a\u00f1o particularmente complejo. Tambi\u00e9n se destaca el buen comportamiento del sector de empaques, que viene respondiendo positivamente tanto al mercado externo como a una leve reactivaci\u00f3n de la demanda interna.<\/p>\n\n\n\n<p>Estos resultados confirman el papel estrat\u00e9gico que cumple la industria del pl\u00e1stico en Colombia, como proveedora de soluciones para sectores clave de la econom\u00eda como los de bebidas, alimentos, productos de aseo, limpieza, agroqu\u00edmicos, aceites, construcci\u00f3n, automotor, salud&nbsp;y por supuesto la l\u00ednea de electrodom\u00e9sticos y de consumo final. El dinamismo reciente es tambi\u00e9n reflejo de la capacidad de adaptaci\u00f3n y transformaci\u00f3n de las empresas del sector frente a los desaf\u00edos log\u00edsticos, regulatorios y de mercado que han enfrentado en los \u00faltimos a\u00f1os.<\/p>\n\n\n\n<p><em>\u201cLa industria del pl\u00e1stico tiene un enorme potencial para seguir creciendo, generando empleo formal y diversificando la oferta exportadora del pa\u00eds. Para ello es clave contar con pol\u00edticas p\u00fablicas que respalden la producci\u00f3n nacional, promuevan la inversi\u00f3n, reduzcan la informalidad y fomenten la innovaci\u00f3n y la sostenibilidad\u201d<\/em>, a\u00f1adi\u00f3&nbsp;<strong>Daniel Mitchell, presidente ejecutivo de Acopl\u00e1sticos<\/strong>.<\/p>\n\n\n\n<p>Desde Acopl\u00e1sticos, el llamado es a aprovechar este momento para fortalecer las condiciones de competitividad a mediano y largo plazo. El gremio continuar\u00e1 trabajando de manera articulada con determinados actores para consolidar una industria cada vez m\u00e1s eficiente, circular y orientada a mercados globales, que siga aportando valor a la econom\u00eda colombiana y respondiendo a los desaf\u00edos ambientales, sociales y productivos del presente.<\/p>\n\n\n\n<p><\/p>\n","protected":false},"excerpt":{"rendered":"<p>La industria pl\u00e1stica colombiana muestra se\u00f1ales claras de dinamismo. En marzo de 2025, la producci\u00f3n real del sector creci\u00f3 un&nbsp;6,3%&nbsp;frente al mismo mes del a\u00f1o anterior, de acuerdo con cifras oficiales del DANE. En el acumulado del primer trimestre, es decir, entre enero y marzo, el crecimiento fue del&nbsp;3,4%, consolidando una tendencia positiva al encontrarse&#8230;<\/p>\n","protected":false},"author":5,"featured_media":14975,"comment_status":"closed","ping_status":"closed","sticky":false,"template":"","format":"standard","meta":{"_FSMCFIC_featured_image_caption":"","_FSMCFIC_featured_image_nocaption":"","_FSMCFIC_featured_image_hide":"","footnotes":""},"categories":[22],"tags":[],"class_list":["post-14974","post","type-post","status-publish","format-standard","has-post-thumbnail","hentry","category-el_resto"],"_links":{"self":[{"href":"https:\/\/economiaconedmer.com\/economiaenserio\/wp-json\/wp\/v2\/posts\/14974","targetHints":{"allow":["GET"]}}],"collection":[{"href":"https:\/\/economiaconedmer.com\/economiaenserio\/wp-json\/wp\/v2\/posts"}],"about":[{"href":"https:\/\/economiaconedmer.com\/economiaenserio\/wp-json\/wp\/v2\/types\/post"}],"author":[{"embeddable":true,"href":"https:\/\/economiaconedmer.com\/economiaenserio\/wp-json\/wp\/v2\/users\/5"}],"replies":[{"embeddable":true,"href":"https:\/\/economiaconedmer.com\/economiaenserio\/wp-json\/wp\/v2\/comments?post=14974"}],"version-history":[{"count":1,"href":"https:\/\/economiaconedmer.com\/economiaenserio\/wp-json\/wp\/v2\/posts\/14974\/revisions"}],"predecessor-version":[{"id":14976,"href":"https:\/\/economiaconedmer.com\/economiaenserio\/wp-json\/wp\/v2\/posts\/14974\/revisions\/14976"}],"wp:featuredmedia":[{"embeddable":true,"href":"https:\/\/economiaconedmer.com\/economiaenserio\/wp-json\/wp\/v2\/media\/14975"}],"wp:attachment":[{"href":"https:\/\/economiaconedmer.com\/economiaenserio\/wp-json\/wp\/v2\/media?parent=14974"}],"wp:term":[{"taxonomy":"category","embeddable":true,"href":"https:\/\/economiaconedmer.com\/economiaenserio\/wp-json\/wp\/v2\/categories?post=14974"},{"taxonomy":"post_tag","embeddable":true,"href":"https:\/\/economiaconedmer.com\/economiaenserio\/wp-json\/wp\/v2\/tags?post=14974"}],"curies":[{"name":"wp","href":"https:\/\/api.w.org\/{rel}","templated":true}]}}