{"id":14971,"date":"2025-05-20T07:20:23","date_gmt":"2025-05-20T12:20:23","guid":{"rendered":"https:\/\/economiaconedmer.com\/economiaenserio\/?p=14971"},"modified":"2025-05-20T07:20:24","modified_gmt":"2025-05-20T12:20:24","slug":"rehabilitaran-via-tocancipa-la-fuente-para-descongestionar-la-sabana","status":"publish","type":"post","link":"https:\/\/economiaconedmer.com\/economiaenserio\/05\/20\/rehabilitaran-via-tocancipa-la-fuente-para-descongestionar-la-sabana\/el_resto\/2025\/","title":{"rendered":"Rehabilitar\u00e1n v\u00eda Tocancip\u00e1-La Fuente para descongestionar la Sabana \u00a0"},"content":{"rendered":"\n<p>La\u00a0alcald\u00eda de Tocancip\u00e1 y la\u00a0gobernaci\u00f3n de Cundinamarca firmaron un convenio que garantiza\u00a0una\u00a0inversi\u00f3n conjunta de 56.646 millones de pesos para la rehabilitaci\u00f3n y mejoramiento de la V\u00eda Tocancip\u00e1 &#8211; La Fuente.<\/p>\n\n\n\n<p>El alcalde de Tocancip\u00e1,&nbsp;Walfrando&nbsp;Forero Bejarano y el gobernador de Cundinamarca, Jorge Emilio Rey, coincidieron en se\u00f1alar que se trata de un&nbsp;tramo vial&nbsp;estrat\u00e9gico y&nbsp;de suma importancia para el municipio y la regi\u00f3n.&nbsp;<\/p>\n\n\n\n<p>La profunda intervenci\u00f3n en esta v\u00eda&nbsp;tendr\u00e1 las condiciones t\u00e9cnicas y de seguridad necesarias para todos los actores viales, especialmente para los&nbsp;biciusuarios&nbsp;que se desplazan a diario por este trayecto.&nbsp;<\/p>\n\n\n\n<p>Durante semanas previas a la firma del convenio\u00a0el\u00a0alcalde\u00a0Walfrando\u00a0Forero Bejarano y su equipo de trabajo, se reunieron\u00a0con propietarios de predios aleda\u00f1os, para socializar el proyecto vial.<\/p>\n\n\n\n<p>Durante estas&nbsp;jornadas&nbsp;se revisaron temas ambientales, flujo de tr\u00e1fico, capa asf\u00e1ltica, ciclo ruta, paraderos, alcantarillado pluvial e iluminaci\u00f3n, entre otros aspectos de gran impacto y relevancia para la comunidad.\u201cSin lugar a dudas, este proyecto busca mejorar la conectividad y la seguridad vial, para los cientos de usuarios que a diario utilizan este corredor, vital para el desarrollo socioecon\u00f3mico de Tocancip\u00e1\u201d, puntualiz\u00f3 el alcalde&nbsp;Walfrando&nbsp;Forero.<\/p>\n","protected":false},"excerpt":{"rendered":"<p>La\u00a0alcald\u00eda de Tocancip\u00e1 y la\u00a0gobernaci\u00f3n de Cundinamarca firmaron un convenio que garantiza\u00a0una\u00a0inversi\u00f3n conjunta de 56.646 millones de pesos para la rehabilitaci\u00f3n y mejoramiento de la V\u00eda Tocancip\u00e1 &#8211; La Fuente. El alcalde de Tocancip\u00e1,&nbsp;Walfrando&nbsp;Forero Bejarano y el gobernador de Cundinamarca, Jorge Emilio Rey, coincidieron en se\u00f1alar que se trata de un&nbsp;tramo vial&nbsp;estrat\u00e9gico y&nbsp;de suma importancia&#8230;<\/p>\n","protected":false},"author":5,"featured_media":14972,"comment_status":"closed","ping_status":"closed","sticky":false,"template":"","format":"standard","meta":{"_FSMCFIC_featured_image_caption":"","_FSMCFIC_featured_image_nocaption":"","_FSMCFIC_featured_image_hide":"","footnotes":""},"categories":[22],"tags":[],"class_list":["post-14971","post","type-post","status-publish","format-standard","has-post-thumbnail","hentry","category-el_resto"],"_links":{"self":[{"href":"https:\/\/economiaconedmer.com\/economiaenserio\/wp-json\/wp\/v2\/posts\/14971","targetHints":{"allow":["GET"]}}],"collection":[{"href":"https:\/\/economiaconedmer.com\/economiaenserio\/wp-json\/wp\/v2\/posts"}],"about":[{"href":"https:\/\/economiaconedmer.com\/economiaenserio\/wp-json\/wp\/v2\/types\/post"}],"author":[{"embeddable":true,"href":"https:\/\/economiaconedmer.com\/economiaenserio\/wp-json\/wp\/v2\/users\/5"}],"replies":[{"embeddable":true,"href":"https:\/\/economiaconedmer.com\/economiaenserio\/wp-json\/wp\/v2\/comments?post=14971"}],"version-history":[{"count":1,"href":"https:\/\/economiaconedmer.com\/economiaenserio\/wp-json\/wp\/v2\/posts\/14971\/revisions"}],"predecessor-version":[{"id":14973,"href":"https:\/\/economiaconedmer.com\/economiaenserio\/wp-json\/wp\/v2\/posts\/14971\/revisions\/14973"}],"wp:featuredmedia":[{"embeddable":true,"href":"https:\/\/economiaconedmer.com\/economiaenserio\/wp-json\/wp\/v2\/media\/14972"}],"wp:attachment":[{"href":"https:\/\/economiaconedmer.com\/economiaenserio\/wp-json\/wp\/v2\/media?parent=14971"}],"wp:term":[{"taxonomy":"category","embeddable":true,"href":"https:\/\/economiaconedmer.com\/economiaenserio\/wp-json\/wp\/v2\/categories?post=14971"},{"taxonomy":"post_tag","embeddable":true,"href":"https:\/\/economiaconedmer.com\/economiaenserio\/wp-json\/wp\/v2\/tags?post=14971"}],"curies":[{"name":"wp","href":"https:\/\/api.w.org\/{rel}","templated":true}]}}