{"id":14947,"date":"2025-05-15T20:31:49","date_gmt":"2025-05-16T01:31:49","guid":{"rendered":"https:\/\/economiaconedmer.com\/economiaenserio\/?p=14947"},"modified":"2025-05-20T21:10:38","modified_gmt":"2025-05-21T02:10:38","slug":"el-comercio-le-pone-ritmo-al-pib-colombiano","status":"publish","type":"post","link":"https:\/\/economiaconedmer.com\/economiaenserio\/05\/15\/el-comercio-le-pone-ritmo-al-pib-colombiano\/el_bolsillo\/2025\/","title":{"rendered":"Comercio y agro le ponen ritmo al PIB colombiano"},"content":{"rendered":"\n<p>La econom\u00eda colombiana consolid\u00f3 en el primer trimestre del 2025, sus se\u00f1ales de recuperaci\u00f3n. El Dane revel\u00f3 que el crecimiento fue de 2,7% en los tres primeros meses del a\u00f1o, y de 4,5% en marzo, lo que equivale a una franca reactivaci\u00f3n, si se tiene en cuenta que en 2024 cerr\u00f3 en un l\u00e1nguido 1,6%.<\/p>\n\n\n\n<p>Los sectores m\u00e1s din\u00e1micos en el primer cuarto del a\u00f1o fueron el comercio, reparaci\u00f3n de veh\u00edculos automotores y motocicletas; transporte y almacenamiento; alojamiento y servicios de comida. La agricultura, ganader\u00eda, caza, silvicultura y pesca crece 7,1% (contribuye 0,7 puntos<br>porcentuales a la variaci\u00f3n anual). El gasto de los consumidores creci\u00f3 3,8%, las exportaciones 2,4% y las importaciones 11,9%.<\/p>\n\n\n\n<p>El resultado del comportamiento de la econom\u00eda en el primer trimestre de 2025  empieza a reflejar la reducci\u00f3n de las tasas de inter\u00e9s, las cuales tuvieron una pausa a finales del a\u00f1o pasado y comienzos del 2025, pero disminuyeron levemente en abril, y hoy se ubican em 9,25%.<\/p>\n\n\n\n<p> Para el resto del a\u00f1o, el crecimiento econ\u00f3mico depender\u00e1 en buena medida del comportamiento de la inflaci\u00f3n, que a su vez hace mover las tasas de inter\u00e9s. Aunque la evoluci\u00f3n del IPC hasta abril pasado no fue del todo favorable para la econom\u00eda, los analistas conf\u00edan en que en el segundo semestre el pa\u00eds regrese a la tendencia descendente y con ello, la tasas de inter\u00e9s seguir\u00edan el mismo camino, hasta terminar en alrededor de 7,5%.<\/p>\n\n\n\n<p><\/p>\n","protected":false},"excerpt":{"rendered":"<p>La econom\u00eda colombiana consolid\u00f3 en el primer trimestre del 2025, sus se\u00f1ales de recuperaci\u00f3n. El Dane revel\u00f3 que el crecimiento fue de 2,7% en los tres primeros meses del a\u00f1o, y de 4,5% en marzo, lo que equivale a una franca reactivaci\u00f3n, si se tiene en cuenta que en 2024 cerr\u00f3 en un l\u00e1nguido 1,6%&#8230;.<\/p>\n","protected":false},"author":5,"featured_media":14948,"comment_status":"closed","ping_status":"closed","sticky":false,"template":"","format":"standard","meta":{"_FSMCFIC_featured_image_caption":"","_FSMCFIC_featured_image_nocaption":"","_FSMCFIC_featured_image_hide":"","footnotes":""},"categories":[2],"tags":[],"class_list":["post-14947","post","type-post","status-publish","format-standard","has-post-thumbnail","hentry","category-el_bolsillo"],"_links":{"self":[{"href":"https:\/\/economiaconedmer.com\/economiaenserio\/wp-json\/wp\/v2\/posts\/14947","targetHints":{"allow":["GET"]}}],"collection":[{"href":"https:\/\/economiaconedmer.com\/economiaenserio\/wp-json\/wp\/v2\/posts"}],"about":[{"href":"https:\/\/economiaconedmer.com\/economiaenserio\/wp-json\/wp\/v2\/types\/post"}],"author":[{"embeddable":true,"href":"https:\/\/economiaconedmer.com\/economiaenserio\/wp-json\/wp\/v2\/users\/5"}],"replies":[{"embeddable":true,"href":"https:\/\/economiaconedmer.com\/economiaenserio\/wp-json\/wp\/v2\/comments?post=14947"}],"version-history":[{"count":2,"href":"https:\/\/economiaconedmer.com\/economiaenserio\/wp-json\/wp\/v2\/posts\/14947\/revisions"}],"predecessor-version":[{"id":15001,"href":"https:\/\/economiaconedmer.com\/economiaenserio\/wp-json\/wp\/v2\/posts\/14947\/revisions\/15001"}],"wp:featuredmedia":[{"embeddable":true,"href":"https:\/\/economiaconedmer.com\/economiaenserio\/wp-json\/wp\/v2\/media\/14948"}],"wp:attachment":[{"href":"https:\/\/economiaconedmer.com\/economiaenserio\/wp-json\/wp\/v2\/media?parent=14947"}],"wp:term":[{"taxonomy":"category","embeddable":true,"href":"https:\/\/economiaconedmer.com\/economiaenserio\/wp-json\/wp\/v2\/categories?post=14947"},{"taxonomy":"post_tag","embeddable":true,"href":"https:\/\/economiaconedmer.com\/economiaenserio\/wp-json\/wp\/v2\/tags?post=14947"}],"curies":[{"name":"wp","href":"https:\/\/api.w.org\/{rel}","templated":true}]}}