{"id":14792,"date":"2025-05-08T19:36:36","date_gmt":"2025-05-09T00:36:36","guid":{"rendered":"https:\/\/economiaconedmer.com\/economiaenserio\/?p=14792"},"modified":"2025-05-08T19:45:30","modified_gmt":"2025-05-09T00:45:30","slug":"inflacion-anual-se-niega-a-bajar-a-abril-se-ubico-en-516","status":"publish","type":"post","link":"https:\/\/economiaconedmer.com\/economiaenserio\/05\/08\/inflacion-anual-se-niega-a-bajar-a-abril-se-ubico-en-516\/el_bolsillo\/2025\/","title":{"rendered":"Inflaci\u00f3n anual se niega a bajar: a abril fue de 5,16%"},"content":{"rendered":"\n<p>El costo de vida se convirti\u00f3 en el gran fantasma de las tasas de inter\u00e9s. El leve incremento de los precios de los productos de la canasta familiar, registrado en los \u00faltimos 12 meses, a 30 de abril, ser\u00e1 una se\u00f1al en contra de una posible nueva reducci\u00f3n de las tasas de inter\u00e9s del Banco de la Rep\u00fablica en lo que resta de este a\u00f1o.<\/p>\n\n\n\n<p>El asunto es de tal magnitud, que los analistas que aplaudieron el reciente recorte de tasas de 0,25 puntos b\u00e1sicos, ahora creen que este fue inconveniente, por cuanto la inflaci\u00f3n anual a abril se ubic\u00f3 en 5,16%, lo que equivale a un leve repunte en comparaci\u00f3n con marzo, cuando el Dane report\u00f3 una cifra anual de 5,09%. Es m\u00e1s, muchos se preguntan por qu\u00e9 el equipo econ\u00f3mico del Banrep\u00fablica no alert\u00f3 a la junta directiva del Emisor sobre el comportamiento de la inflaci\u00f3n en abril, o si fue que en el seguimiento hecho durante el mes no detectaron el incremento de precios. Sin embargo, t\u00e9cnicamente, la inflaci\u00f3n se estabiliz\u00f3 al borde del 5%, pero lleva varios meses ranchada a no romper ese piso, <\/p>\n\n\n\n<p>Aunque la gente crea que el dato de inflaci\u00f3n revelado este jueves por el Dane es bajo, la realidad es que el leve repunte de los precios es un duro golpe a la econom\u00eda, pues las empresas esperan que las tasas de inter\u00e9s regresen a la tendencia a la baja registrada en 2024. Sin embargo, el comportamiento de los precios indica que la tasa de referencia del Emisor seguir\u00e1 por encima de 9% (hoy est\u00e1 en 9,25%) y que al final de a\u00f1o ronden el 7%.<\/p>\n\n\n\n<p>Esto significa que los colombianos que planean endeudarse para comprar vivienda, veh\u00edculo, pagar estudios o realizar un viaje,  entre otros bienes y servicios, podr\u00e1n hacerlo ya, porque la posibilidad de que las tasas de inter\u00e9s bajen m\u00e1s, est\u00e1n por ahora aplazadas. <\/p>\n\n\n\n<p>De acuerdo con el Dane, los productos y servicios que m\u00e1s subieron en abril fueron alojamiento, agua, electricidad, gas y otros combustibles y alimentos y bebidas no alcoh\u00f3licas. Lo que m\u00e1s preocupa es el incremento de los precios de los alimentos (1,10%) en el mes, ya que el abastecimiento solo se normalizar\u00eda en julio o agosto, una vez se recolecten las cosechas del primer semestre.  <\/p>\n\n\n\n<p><\/p>\n\n\n\n<p> <\/p>\n\n\n\n<p><\/p>\n","protected":false},"excerpt":{"rendered":"<p>El costo de vida se convirti\u00f3 en el gran fantasma de las tasas de inter\u00e9s. El leve incremento de los precios de los productos de la canasta familiar, registrado en los \u00faltimos 12 meses, a 30 de abril, ser\u00e1 una se\u00f1al en contra de una posible nueva reducci\u00f3n de las tasas de inter\u00e9s del Banco&#8230;<\/p>\n","protected":false},"author":5,"featured_media":14795,"comment_status":"closed","ping_status":"closed","sticky":false,"template":"","format":"standard","meta":{"_FSMCFIC_featured_image_caption":"","_FSMCFIC_featured_image_nocaption":"","_FSMCFIC_featured_image_hide":"","footnotes":""},"categories":[2],"tags":[],"class_list":["post-14792","post","type-post","status-publish","format-standard","has-post-thumbnail","hentry","category-el_bolsillo"],"_links":{"self":[{"href":"https:\/\/economiaconedmer.com\/economiaenserio\/wp-json\/wp\/v2\/posts\/14792","targetHints":{"allow":["GET"]}}],"collection":[{"href":"https:\/\/economiaconedmer.com\/economiaenserio\/wp-json\/wp\/v2\/posts"}],"about":[{"href":"https:\/\/economiaconedmer.com\/economiaenserio\/wp-json\/wp\/v2\/types\/post"}],"author":[{"embeddable":true,"href":"https:\/\/economiaconedmer.com\/economiaenserio\/wp-json\/wp\/v2\/users\/5"}],"replies":[{"embeddable":true,"href":"https:\/\/economiaconedmer.com\/economiaenserio\/wp-json\/wp\/v2\/comments?post=14792"}],"version-history":[{"count":3,"href":"https:\/\/economiaconedmer.com\/economiaenserio\/wp-json\/wp\/v2\/posts\/14792\/revisions"}],"predecessor-version":[{"id":14797,"href":"https:\/\/economiaconedmer.com\/economiaenserio\/wp-json\/wp\/v2\/posts\/14792\/revisions\/14797"}],"wp:featuredmedia":[{"embeddable":true,"href":"https:\/\/economiaconedmer.com\/economiaenserio\/wp-json\/wp\/v2\/media\/14795"}],"wp:attachment":[{"href":"https:\/\/economiaconedmer.com\/economiaenserio\/wp-json\/wp\/v2\/media?parent=14792"}],"wp:term":[{"taxonomy":"category","embeddable":true,"href":"https:\/\/economiaconedmer.com\/economiaenserio\/wp-json\/wp\/v2\/categories?post=14792"},{"taxonomy":"post_tag","embeddable":true,"href":"https:\/\/economiaconedmer.com\/economiaenserio\/wp-json\/wp\/v2\/tags?post=14792"}],"curies":[{"name":"wp","href":"https:\/\/api.w.org\/{rel}","templated":true}]}}