{"id":14769,"date":"2025-05-07T20:49:18","date_gmt":"2025-05-08T01:49:18","guid":{"rendered":"https:\/\/economiaconedmer.com\/economiaenserio\/?p=14769"},"modified":"2025-05-07T20:50:51","modified_gmt":"2025-05-08T01:50:51","slug":"iniciaron-obligaciones-tributarias-de-personas-naturales","status":"publish","type":"post","link":"https:\/\/economiaconedmer.com\/economiaenserio\/05\/07\/iniciaron-obligaciones-tributarias-de-personas-naturales\/el_bolsillo\/2025\/","title":{"rendered":"Iniciaron obligaciones tributarias de personas naturales"},"content":{"rendered":"\n<p><strong>Bogot\u00e1, mayo 6 de 2025. <\/strong>Tradicionalmente los plazos con los que cuentan las personas naturales para presentar su declaraci\u00f3n de renta inician en agosto, y por eso es com\u00fan que se empiece a pensar en impuestos a partir del segundo semestre del a\u00f1o. Sin embargo, es muy importante revisar si eventualmente se tienen otras obligaciones con las que se deben cumplir en las pr\u00f3ximas semanas, pues de no presentarlas a tiempo se aplicar\u00e1n sanciones que pueden ser bastante altas.<\/p>\n\n\n\n<p>Los reportes o declaraciones de impuestos con los que deben cumplir las personas dependen de su situaci\u00f3n espec\u00edfica y podr\u00edan incluir la declaraci\u00f3n del impuesto predial, de veh\u00edculos, el reporte de informaci\u00f3n ex\u00f3gena, declaraci\u00f3n de renta y declaraci\u00f3n de activos en el exterior. &nbsp;<\/p>\n\n\n\n<p>Es por esto que el calendario de impuestos nacionales 2025 podr\u00eda resumirse de la siguiente manera, para algunas personas:<\/p>\n\n\n\n<figure class=\"wp-block-table\"><table class=\"has-fixed-layout\"><tbody><tr><td><strong>Declaraci\u00f3n<\/strong><\/td><td><strong>Plazo para presentar <\/strong><strong><\/strong><\/td><\/tr><tr><td>Impuesto al patrimonio<\/td><td>Desde mayo 12<\/td><\/tr><tr><td>Informaci\u00f3n ex\u00f3gena<\/td><td>Desde mayo 14<\/td><\/tr><tr><td>Declaraci\u00f3n de renta<\/td><td>Desde agosto 12<\/td><\/tr><tr><td>Declaraci\u00f3n de activos en el exterior<\/td><td>Desde agosto 12<\/td><\/tr><\/tbody><\/table><\/figure>\n\n\n\n<p><strong>Declaraci\u00f3n de renta<\/strong><\/p>\n\n\n\n<p>Vale la pena recolectar con la debida antelaci\u00f3n la informaci\u00f3n que se requiere para preparar la declaraci\u00f3n. Desde el pasado 31 de marzo, las entidades tienen disponibles los certificados tributarios que soportan buena parte de la informaci\u00f3n a reportar.<\/p>\n\n\n\n<p>Igualmente, es clave revisar que el Registro \u00danico Tributario se encuentre plenamente actualizado. La DIAN tiene la facultad de suspender de oficio los registros que se detecten con informaci\u00f3n desactualizada y en esta suspensi\u00f3n no exime a la persona de cumplir con el deber de declarar, dentro de los plazos establecidos.<\/p>\n\n\n\n<p><strong>Impuesto al patrimonio<\/strong><\/p>\n\n\n\n<p>Esta declaraci\u00f3n deber\u00e1 ser presentada -entre otros- por las personas que a el 1 de enero de 2025 ten\u00edan un patrimonio l\u00edquido, resultante de considerar la totalidad de sus bienes menos sus deudas, valorado fiscalmente en $3.585 millones aproximados.<\/p>\n\n\n\n<p>La presentaci\u00f3n de la declaraci\u00f3n y el pago del primer 50% del impuesto al patrimonio, deber\u00e1n realizarse a m\u00e1s tardar entre el 12 y el 23 de mayo, dependiendo del \u00faltimo d\u00edgito del NIT de la persona. El pago de la segunda cuota se har\u00e1 el 12 de septiembre como \u00fanica fecha.<\/p>\n\n\n\n<p><strong>Informaci\u00f3n ex\u00f3gena o en medios magn\u00e9ticos<\/strong><\/p>\n\n\n\n<p>Este reporte debe ser presentado por las personas que: i) en el 2023 o 2024 tuvieron ingresos brutos mayores a 555 millones de pesos aproximados y que, adem\u00e1s, ii) percibieron en 2024 ingresos de al menos 113 millones aproximados por rentas de capital y\/o no laborales en los t\u00e9rminos de la ley tributaria.<\/p>\n\n\n\n<p>Ambas condiciones deber\u00edan cumplirse para concluir que la persona debe reportar esta informaci\u00f3n.<\/p>\n\n\n\n<p><strong>Certificaciones tributarias<\/strong><\/p>\n\n\n\n<p>As\u00ed que inicia el proceso de reunir los documentos y certificados que permiten a las personas determinar cu\u00e1les son las obligaciones que tendr\u00e1n que cumplir en lo que resta del a\u00f1o. Es importante determinar con antelaci\u00f3n las obligaciones tributarias que se tienen, a fin de hacer una adecuada preparaci\u00f3n de los reportes, cumplir con los plazos establecidos y disminuir la probabilidad de incurrir en ciertas sanciones o intereses moratorios por presentaci\u00f3n tard\u00eda.<\/p>\n\n\n\n<p><em>\u201cEs fundamental identificar con anticipaci\u00f3n las obligaciones tributarias, con el fin de preparar adecuadamente las declaraciones, cumplir oportunamente con los plazos establecidos y reducir el riesgo de sanciones o intereses por presentaci\u00f3n extempor\u00e1nea\u201d. <\/em><em>Concluy\u00f3 \u00c1ngela Gonz\u00e1lez, Associate Partner People Advisory Services, de EY Colombia.<\/em><\/p>\n\n\n\n<p><\/p>\n","protected":false},"excerpt":{"rendered":"<p>Bogot\u00e1, mayo 6 de 2025. Tradicionalmente los plazos con los que cuentan las personas naturales para presentar su declaraci\u00f3n de renta inician en agosto, y por eso es com\u00fan que se empiece a pensar en impuestos a partir del segundo semestre del a\u00f1o. Sin embargo, es muy importante revisar si eventualmente se tienen otras obligaciones&#8230;<\/p>\n","protected":false},"author":5,"featured_media":14771,"comment_status":"closed","ping_status":"closed","sticky":false,"template":"","format":"standard","meta":{"_FSMCFIC_featured_image_caption":"","_FSMCFIC_featured_image_nocaption":"","_FSMCFIC_featured_image_hide":"","footnotes":""},"categories":[2],"tags":[],"class_list":["post-14769","post","type-post","status-publish","format-standard","has-post-thumbnail","hentry","category-el_bolsillo"],"_links":{"self":[{"href":"https:\/\/economiaconedmer.com\/economiaenserio\/wp-json\/wp\/v2\/posts\/14769","targetHints":{"allow":["GET"]}}],"collection":[{"href":"https:\/\/economiaconedmer.com\/economiaenserio\/wp-json\/wp\/v2\/posts"}],"about":[{"href":"https:\/\/economiaconedmer.com\/economiaenserio\/wp-json\/wp\/v2\/types\/post"}],"author":[{"embeddable":true,"href":"https:\/\/economiaconedmer.com\/economiaenserio\/wp-json\/wp\/v2\/users\/5"}],"replies":[{"embeddable":true,"href":"https:\/\/economiaconedmer.com\/economiaenserio\/wp-json\/wp\/v2\/comments?post=14769"}],"version-history":[{"count":1,"href":"https:\/\/economiaconedmer.com\/economiaenserio\/wp-json\/wp\/v2\/posts\/14769\/revisions"}],"predecessor-version":[{"id":14770,"href":"https:\/\/economiaconedmer.com\/economiaenserio\/wp-json\/wp\/v2\/posts\/14769\/revisions\/14770"}],"wp:featuredmedia":[{"embeddable":true,"href":"https:\/\/economiaconedmer.com\/economiaenserio\/wp-json\/wp\/v2\/media\/14771"}],"wp:attachment":[{"href":"https:\/\/economiaconedmer.com\/economiaenserio\/wp-json\/wp\/v2\/media?parent=14769"}],"wp:term":[{"taxonomy":"category","embeddable":true,"href":"https:\/\/economiaconedmer.com\/economiaenserio\/wp-json\/wp\/v2\/categories?post=14769"},{"taxonomy":"post_tag","embeddable":true,"href":"https:\/\/economiaconedmer.com\/economiaenserio\/wp-json\/wp\/v2\/tags?post=14769"}],"curies":[{"name":"wp","href":"https:\/\/api.w.org\/{rel}","templated":true}]}}