{"id":14588,"date":"2025-04-30T21:21:08","date_gmt":"2025-05-01T02:21:08","guid":{"rendered":"https:\/\/economiaconedmer.com\/economiaenserio\/?p=14588"},"modified":"2025-04-30T21:21:13","modified_gmt":"2025-05-01T02:21:13","slug":"uraba-un-destino-de-turismo-social-y-alternativo","status":"publish","type":"post","link":"https:\/\/economiaconedmer.com\/economiaenserio\/04\/30\/uraba-un-destino-de-turismo-social-y-alternativo\/turismo\/2025\/","title":{"rendered":"Urab\u00e1, un destino de turismo social y alternativo"},"content":{"rendered":"\n<p><strong>Medell\u00edn, 28 de abril de 2025.<\/strong> Urab\u00e1 ya no s\u00f3lo es reconocido por su biodiversidad y riqueza cultural, sino tambi\u00e9n por ser un ejemplo nacional de c\u00f3mo el turismo puede convertirse en una poderosa herramienta de transformaci\u00f3n social. A trav\u00e9s del proyecto <em>Turismo y Paz<\/em>, liderado por Interactuar en alianza con la Generalitat Valenciana, la Fundaci\u00f3n del Valle &#8211; Espa\u00f1a, el Gobierno de B\u00e9lgica y ACTEC se consolid\u00f3 una apuesta integral por el desarrollo econ\u00f3mico, el arraigo territorial, la convivencia pac\u00edfica y el empoderamiento empresarial en esta subregi\u00f3n estrat\u00e9gica del departamento de Antioquia.<\/p>\n\n\n\n<p>Al cierre del a\u00f1o, el proyecto impact\u00f3 a 672 personas de la subregi\u00f3n, de las cuales 473 fueron mujeres, lo que representa un 69 % de participaci\u00f3n femenina y confirma que ellas son las principales protagonistas del cambio.<\/p>\n\n\n\n<p><em>Turismo y Paz<\/em> est\u00e1 posicionando a Urab\u00e1 como un destino tur\u00edstico alternativo, con enfoque comunitario, sostenible y resiliente. Se han promovido procesos formativos con perspectiva de paz, g\u00e9nero y juventud, que incluyen la C\u00e1tedra de Paz, reflexiones sobre econom\u00eda circular y prevenci\u00f3n de violencias basadas en g\u00e9nero.<\/p>\n\n\n\n<p>Uno de los mayores logros fue el acompa\u00f1amiento de 108 empresas y 57 agroempresas, que hoy generan empleo de calidad, acceden a nuevos mercados y han fortalecido su presencia en el entorno econ\u00f3mico regional. Todo esto gracias al desarrollo del M\u00e9todo Base de Aceleraci\u00f3n Empresarial y Agroempresarial, mediante el cual mejoraron la organizaci\u00f3n de sus negocios, el manejo financiero y la toma de decisiones m\u00e1s conscientes para asegurar su sostenibilidad.<\/p>\n\n\n\n<p>El proyecto tambi\u00e9n dio origen a Ontum, una red que agrupa actualmente a m\u00e1s de 50 empresarios. Esta red se fortaleci\u00f3 gracias a espacios como ruedas de negocios, ferias, asesor\u00edas especializadas, festivales y muestras comerciales. En estos escenarios, se consolidaron relaciones comerciales, ampliaron sus redes y accedieron a nuevos canales de comercializaci\u00f3n.<\/p>\n\n\n\n<p>M\u00e1s que vitrinas para vender productos, estos espacios permitieron que se reconocieran como parte de un ecosistema productivo regional, compartiendo desaf\u00edos, oportunidades y una visi\u00f3n com\u00fan de crecimiento. La confianza, el trabajo colaborativo y la articulaci\u00f3n con actores p\u00fablicos y privados son hoy el principal legado de esta red, que dinamiza el tejido empresarial de Urab\u00e1.<\/p>\n\n\n\n<p>Los l\u00edderes reconocen que son m\u00e1s organizados, estrat\u00e9gicos y con mayor confianza en su futuro. Y eso no se logra s\u00f3lo con cr\u00e9dito, sino con acompa\u00f1amiento humano, visi\u00f3n de largo plazo y trabajo desde el territorio por parte de Interactuar.<\/p>\n\n\n\n<p>Al respecto, Harold Yecid Tavera, l\u00edder de Implementaci\u00f3n y Avance Empresarial de Interactuar, afirm\u00f3: <em>\u201cEste es un territorio que est\u00e1 viviendo una transformaci\u00f3n. Por eso hemos querido vincularnos de forma decidida con el territorio y preparar mejor a estos empresarios para que aprovechen las oportunidades que hoy se presentan. Muy pronto iniciaremos la segunda fase de este proceso con el proyecto Emergente por la Paz, tambi\u00e9n con el apoyo de la Generalitat Valenciana, lo que permitir\u00e1 dar continuidad al impacto por dos a\u00f1os m\u00e1s\u201d<\/em>.<\/p>\n\n\n\n<p>Este tipo de iniciativas demuestra que la apuesta de Interactuar va mucho m\u00e1s all\u00e1 del cr\u00e9dito. Su compromiso est\u00e1 con el ser humano, con el liderazgo y con la transformaci\u00f3n sostenible del territorio. \u201c<em>Para nosotros el acompa\u00f1amiento de Interactuar ha sido profundamente significativo. Gracias a sus capacitaciones, hemos logrado llevar nuestro emprendimiento a otro nivel, transform\u00e1ndolo en una verdadera empresa. Aprendimos a darle valor agregado a nuestros productos, a manejar adecuadamente la contabilidad, y a mejorar la presentaci\u00f3n de lo que ofrecemos al mercado. Todo este proceso ha marcado un antes y un despu\u00e9s para nosotros, y nos ha llevado a otro nivel<\/em><strong>\u201d<\/strong>, manifest\u00f3 Johana Gallego, due\u00f1a de Aroma Ancestral, una microempresa de Chigorod\u00f3 que comercializa cacao.<\/p>\n\n\n\n<p>El proyecto forma parte de una visi\u00f3n de largo plazo que busca profesionalizar a las personas, potenciar sus capacidades y consolidar un ecosistema resiliente y competitivo en regiones como Urab\u00e1.<\/p>\n\n\n\n<p>Con el respaldo de la cooperaci\u00f3n internacional y la experiencia de m\u00e1s de 40 a\u00f1os acompa\u00f1ando la microempresa, Interactuar reafirma su prop\u00f3sito de estar donde m\u00e1s se necesita, fortaleciendo desde lo local los caminos hacia un pa\u00eds m\u00e1s equitativo y en paz. As\u00ed como lo hizo en Urab\u00e1, ya proyecta replicar esta experiencia en otras regiones como el Suroeste, el Oriente y el Bajo Cauca antioque\u00f1o, llevando su modelo de negocio social a territorios que est\u00e1n listos para escribir su propia historia de transformaci\u00f3n.<\/p>\n","protected":false},"excerpt":{"rendered":"<p>Medell\u00edn, 28 de abril de 2025. Urab\u00e1 ya no s\u00f3lo es reconocido por su biodiversidad y riqueza cultural, sino tambi\u00e9n por ser un ejemplo nacional de c\u00f3mo el turismo puede convertirse en una poderosa herramienta de transformaci\u00f3n social. A trav\u00e9s del proyecto Turismo y Paz, liderado por Interactuar en alianza con la Generalitat Valenciana, la&#8230;<\/p>\n","protected":false},"author":5,"featured_media":14589,"comment_status":"closed","ping_status":"closed","sticky":false,"template":"","format":"standard","meta":{"_FSMCFIC_featured_image_caption":"","_FSMCFIC_featured_image_nocaption":"","_FSMCFIC_featured_image_hide":"","footnotes":""},"categories":[28],"tags":[],"class_list":["post-14588","post","type-post","status-publish","format-standard","has-post-thumbnail","hentry","category-turismo"],"_links":{"self":[{"href":"https:\/\/economiaconedmer.com\/economiaenserio\/wp-json\/wp\/v2\/posts\/14588","targetHints":{"allow":["GET"]}}],"collection":[{"href":"https:\/\/economiaconedmer.com\/economiaenserio\/wp-json\/wp\/v2\/posts"}],"about":[{"href":"https:\/\/economiaconedmer.com\/economiaenserio\/wp-json\/wp\/v2\/types\/post"}],"author":[{"embeddable":true,"href":"https:\/\/economiaconedmer.com\/economiaenserio\/wp-json\/wp\/v2\/users\/5"}],"replies":[{"embeddable":true,"href":"https:\/\/economiaconedmer.com\/economiaenserio\/wp-json\/wp\/v2\/comments?post=14588"}],"version-history":[{"count":1,"href":"https:\/\/economiaconedmer.com\/economiaenserio\/wp-json\/wp\/v2\/posts\/14588\/revisions"}],"predecessor-version":[{"id":14590,"href":"https:\/\/economiaconedmer.com\/economiaenserio\/wp-json\/wp\/v2\/posts\/14588\/revisions\/14590"}],"wp:featuredmedia":[{"embeddable":true,"href":"https:\/\/economiaconedmer.com\/economiaenserio\/wp-json\/wp\/v2\/media\/14589"}],"wp:attachment":[{"href":"https:\/\/economiaconedmer.com\/economiaenserio\/wp-json\/wp\/v2\/media?parent=14588"}],"wp:term":[{"taxonomy":"category","embeddable":true,"href":"https:\/\/economiaconedmer.com\/economiaenserio\/wp-json\/wp\/v2\/categories?post=14588"},{"taxonomy":"post_tag","embeddable":true,"href":"https:\/\/economiaconedmer.com\/economiaenserio\/wp-json\/wp\/v2\/tags?post=14588"}],"curies":[{"name":"wp","href":"https:\/\/api.w.org\/{rel}","templated":true}]}}