{"id":14567,"date":"2025-04-30T06:57:59","date_gmt":"2025-04-30T11:57:59","guid":{"rendered":"https:\/\/economiaconedmer.com\/economiaenserio\/?p=14567"},"modified":"2025-04-30T07:03:08","modified_gmt":"2025-04-30T12:03:08","slug":"colombia-unificara-los-estandares-de-los-cafes-especiales","status":"publish","type":"post","link":"https:\/\/economiaconedmer.com\/economiaenserio\/04\/30\/colombia-unificara-los-estandares-de-los-cafes-especiales\/el_resto\/2025\/","title":{"rendered":"Colombia unificar\u00e1 los est\u00e1ndares de\u00a0los\u00a0caf\u00e9s\u00a0especiales\u00a0"},"content":{"rendered":"\n<p>Acuerdo entre la FNC y la SCA\u00a0unificar\u00e1 los est\u00e1ndares del caf\u00e9 especial y crear\u00e1\u00a0nuevas oportunidades para los productores de toda Colombia. Germ\u00e1n Baham\u00f3n, Gerente General de la Federaci\u00f3n Nacional de Cafeteros de Colombia, enfatiz\u00f3 el impacto potencial de esta colaboraci\u00f3n y destaca que\u00a0<em>\u00ablos caficultores colombianos est\u00e1n en el coraz\u00f3n de la comunidad global de caf\u00e9s especiales. <\/em><\/p>\n\n\n\n<p><em>Al adoptar herramientas innovadoras como la Evaluaci\u00f3n de Valor del Caf\u00e9, abrimos la puerta a un mayor reconocimiento, una mejor alineaci\u00f3n con las preferencias del mercado y una mayor retribuci\u00f3n por la diversidad y excelencia de nuestros caf\u00e9s. Esta alianza con la SCA y la FNC fortalece nuestro compromiso con la prosperidad de los caficultores y con ofrecer caf\u00e9s excepcionales al mundo. Colombia, el coraz\u00f3n de los caf\u00e9s especiales.\u00bb<\/em><\/p>\n\n\n\n<p>El&nbsp;acuerdo, que se realiza en el marco del&nbsp;encuentro mundial re\u00fane a los caf\u00e9s de especialidad&nbsp;en la&nbsp;<em>SCA Expo 2025<\/em>,&nbsp;permite&nbsp;establecer nuevos est\u00e1ndares de transparencia, calidad y reconocimiento en el caf\u00e9 de especialidad, impulsando un cambio positivo para la industria y para los caficultores&nbsp;colombianos.&nbsp;Tambi\u00e9n&nbsp;generar\u00e1 beneficios tangibles para productores, tostadores y consumidores, fortaleciendo todo el ecosistema del caf\u00e9 de especialidad.<\/p>\n\n\n\n<p>La SCA Expo&nbsp;que se realiza este 25 y 26 de abril&nbsp;en Houston-Texas&nbsp;convoca&nbsp;a m\u00e1s de 17.000 asistentes provenientes de 85 pa\u00edses, incluidos productores, compradores, tostadores, baristas y otros actores clave del sector.&nbsp;<\/p>\n\n\n\n<p>Junto a la&nbsp;firma,&nbsp;se&nbsp;proporcion\u00f3 el&nbsp;escenario perfecto&nbsp;en el que participar\u00e1n los&nbsp;microlotes&nbsp;de caf\u00e9s colombianos que han alcanzado&nbsp;entre 84 y 87 puntos en la escala de la Specialty&nbsp;CoffeeAssociation&nbsp;(SCA)&nbsp;con variedades como&nbsp;<em>Geisha, Castillo, Caturra, Borb\u00f3n Rosado, Papayo y Caturro Chiroso<\/em>&nbsp;que&nbsp;har\u00e1n parte de las preparaciones filtradas que se ofrecer\u00e1n durante las dos jornadas.<\/p>\n\n\n\n<p>Tambi\u00e9n se&nbsp;implementar\u00e1&nbsp;la metodolog\u00eda de Evaluaci\u00f3n del Valor del Caf\u00e9 (EVC) de la SCA en los procesos de la FNC, desde donde se&nbsp;capacitar\u00e1 a&nbsp;los&nbsp;equipos t\u00e9cnicos y catadores en la aplicaci\u00f3n del CVA, integrar\u00e1 la recolecci\u00f3n de datos en origen y explorar\u00e1 su adopci\u00f3n m\u00e1s amplia en los caf\u00e9s colombianos.&nbsp;<\/p>\n\n\n\n<p>Entre&nbsp;tanto, la SCA apoyar\u00e1 este esfuerzo con asistencia t\u00e9cnica, entrenamiento, as\u00ed como una aplicaci\u00f3n personalizada del CVA y la promoci\u00f3n global de los resultados,&nbsp;<strong>apoyar\u00e1 las investigaciones de la FNC compartiendo datos del CVA sobre los atributos del caf\u00e9 y las preferencias del mercado.<\/strong>&nbsp;Un objetivo clave de estos datos es informar a los productores sobre la evoluci\u00f3n de las tendencias y preferencias del mercado\u2014asegurando que la informaci\u00f3n recopilada a trav\u00e9s de la Evaluaci\u00f3n del Valor del Caf\u00e9 (CVA)&nbsp;que&nbsp;beneficie directamente a los caficultores&nbsp;colombianos.<\/p>\n\n\n\n<p>Yannis&nbsp;Apostolopoulos, director ejecutivo de la Asociaci\u00f3n de Caf\u00e9s Especiales (SCA), coment\u00f3que:&nbsp;<em>\u00ab<\/em><em>a<\/em><em>sociarnos con la FNC representa un hito importante para la Evaluaci\u00f3n del Valor del Caf\u00e9 y nuestra misi\u00f3n compartida de hacer el&nbsp;<\/em><em>mejor&nbsp;<\/em><em>caf\u00e9. El caf\u00e9 es m\u00e1s que una puntuaci\u00f3n<\/em>\u2014<em>es la historia de personas, lugares y su potencial. Juntos, buscamos destacar la extraordinaria diversidad de los caf\u00e9s colombianos, mejorar las conexiones con el mercado y garantizar una distribuci\u00f3n m\u00e1s equitativa del valor en toda la cadena de valor del caf\u00e9\u00bb.<\/em><\/p>\n\n\n\n<p><strong>L<\/strong><strong>a cata&nbsp;<\/strong><strong>de las&nbsp;<\/strong><strong><em>Joyas Regionales<\/em><\/strong><strong><em>&nbsp;de Colombia<\/em><\/strong><\/p>\n\n\n\n<p>Otro de los momentos centrales ser\u00e1 la cata&nbsp;de las&nbsp;<strong>Joyas Regionales<\/strong>, una actividad en la que tres caficultores \u2014provenientes de Caldas, Nari\u00f1o y Santander&nbsp;presentar\u00e1n&nbsp;sus&nbsp;caf\u00e9s seleccionados,tras&nbsp;superar los est\u00e1ndares de calidad establecidos. Esta actividad estar\u00e1 abierta&nbsp;para&nbsp;compradores,&nbsp;profesionales del sector y consumidores interesados.<\/p>\n\n\n\n<p>Adem\u00e1s de los&nbsp;microlotes, se presentar\u00e1n caf\u00e9s regionales producidos en centrales de beneficio ubicadas en Huila, Antioquia,&nbsp;Risaralda&nbsp;y&nbsp;muestras provenientes de Norte de Santander y Cauca.&nbsp;All\u00ed los caficultores colombianos van a&nbsp;resaltar la diversidad sensorial del caf\u00e9 colombiano y las m\u00faltiples expresiones que surgen tanto desde fincas individuales como desde esquemas asociativos y regionales.<\/p>\n","protected":false},"excerpt":{"rendered":"<p>Acuerdo entre la FNC y la SCA\u00a0unificar\u00e1 los est\u00e1ndares del caf\u00e9 especial y crear\u00e1\u00a0nuevas oportunidades para los productores de toda Colombia. Germ\u00e1n Baham\u00f3n, Gerente General de la Federaci\u00f3n Nacional de Cafeteros de Colombia, enfatiz\u00f3 el impacto potencial de esta colaboraci\u00f3n y destaca que\u00a0\u00ablos caficultores colombianos est\u00e1n en el coraz\u00f3n de la comunidad global de caf\u00e9s&#8230;<\/p>\n","protected":false},"author":5,"featured_media":14569,"comment_status":"closed","ping_status":"closed","sticky":false,"template":"","format":"standard","meta":{"_FSMCFIC_featured_image_caption":"","_FSMCFIC_featured_image_nocaption":"","_FSMCFIC_featured_image_hide":"","footnotes":""},"categories":[22],"tags":[],"class_list":["post-14567","post","type-post","status-publish","format-standard","has-post-thumbnail","hentry","category-el_resto"],"_links":{"self":[{"href":"https:\/\/economiaconedmer.com\/economiaenserio\/wp-json\/wp\/v2\/posts\/14567","targetHints":{"allow":["GET"]}}],"collection":[{"href":"https:\/\/economiaconedmer.com\/economiaenserio\/wp-json\/wp\/v2\/posts"}],"about":[{"href":"https:\/\/economiaconedmer.com\/economiaenserio\/wp-json\/wp\/v2\/types\/post"}],"author":[{"embeddable":true,"href":"https:\/\/economiaconedmer.com\/economiaenserio\/wp-json\/wp\/v2\/users\/5"}],"replies":[{"embeddable":true,"href":"https:\/\/economiaconedmer.com\/economiaenserio\/wp-json\/wp\/v2\/comments?post=14567"}],"version-history":[{"count":1,"href":"https:\/\/economiaconedmer.com\/economiaenserio\/wp-json\/wp\/v2\/posts\/14567\/revisions"}],"predecessor-version":[{"id":14568,"href":"https:\/\/economiaconedmer.com\/economiaenserio\/wp-json\/wp\/v2\/posts\/14567\/revisions\/14568"}],"wp:featuredmedia":[{"embeddable":true,"href":"https:\/\/economiaconedmer.com\/economiaenserio\/wp-json\/wp\/v2\/media\/14569"}],"wp:attachment":[{"href":"https:\/\/economiaconedmer.com\/economiaenserio\/wp-json\/wp\/v2\/media?parent=14567"}],"wp:term":[{"taxonomy":"category","embeddable":true,"href":"https:\/\/economiaconedmer.com\/economiaenserio\/wp-json\/wp\/v2\/categories?post=14567"},{"taxonomy":"post_tag","embeddable":true,"href":"https:\/\/economiaconedmer.com\/economiaenserio\/wp-json\/wp\/v2\/tags?post=14567"}],"curies":[{"name":"wp","href":"https:\/\/api.w.org\/{rel}","templated":true}]}}