{"id":14557,"date":"2025-04-27T12:04:28","date_gmt":"2025-04-27T17:04:28","guid":{"rendered":"https:\/\/economiaconedmer.com\/economiaenserio\/?p=14557"},"modified":"2025-04-27T12:07:39","modified_gmt":"2025-04-27T17:07:39","slug":"estos-son-los-candidatos-presidenciales-mas-seguidos-en-en-redes-sociales","status":"publish","type":"post","link":"https:\/\/economiaconedmer.com\/economiaenserio\/04\/27\/estos-son-los-candidatos-presidenciales-mas-seguidos-en-en-redes-sociales\/el_resto\/2025\/","title":{"rendered":"Estos son los candidatos presidenciales m\u00e1s seguidos en en redes sociales"},"content":{"rendered":"\n<p>A trav\u00e9s del Algoritmo Presidencial 2026, una herramienta que monitorea peri\u00f3dicamente la conversaci\u00f3n digital en torno a los aspirantes a la Presidencia de Colombia, la firma Toro Digital divulg\u00f3 los nombres m\u00e1s seguidos en principales redes sociales y su influencia en la contienda electoral.<\/p>\n\n\n\n<p>El ranking se construy\u00f3 con base en el n\u00famero de seguidores ganados durante el periodo analizado. Tambi\u00e9n se muestra el total de seguidores en la actualidad y la variaci\u00f3n en el nivel de convencimiento.<\/p>\n\n\n\n<p>Los resultados del primer an\u00e1lisis realizado en el periodo comprendido entre el 20 de marzo y el 20 de abril, fueron los siguientes:<\/p>\n\n\n\n<p>En <strong>TikTok<\/strong>, Jotap\u00e9 Hern\u00e1ndez, con m\u00e1s de 100 mil seguidores. La lista de los cinco primeros la completan Santiago Botero, Felipe C\u00f3rdoba, Mar\u00eda Jos\u00e9 Pizarro y Vicky D\u00e1vila.<\/p>\n\n\n\n<p>En <strong>Facebook<\/strong>, Mauricio C\u00e1rdenas, con m\u00e1s de 41.000 seguidores. Lo siguieron seguido de Jotap\u00e9 Hern\u00e1ndez, Miguel Uribe, Mar\u00eda Jos\u00e9 Pizarro y Mar\u00eda Fernanda Cabal. <\/p>\n\n\n\n<p>La red <strong>Instagram<\/strong> la lidera Vicky D\u00e1vila, con 12.000. Le siguen Mauricio C\u00e1rdenas, Sergio Fajardo, Jotap\u00e9 Hern\u00e1ndez y Miguel Uribe.<\/p>\n\n\n\n<p>La red <strong>X <\/strong>fue liderada por Vicky D\u00e1vila, En el top 5 figuran adem\u00e1s, Gustavo Bol\u00edvar, Daniel Quintero, Mar\u00eda Fernanda Cabal y Luis Carlos Reyes.<\/p>\n\n\n\n<p>Estos resultados reflejan qu\u00e9 figuras han ido ganando terreno en lo digital y posicion\u00e1ndose estrat\u00e9gicamente en el debate p\u00fablico.<\/p>\n\n\n\n<p>En paralelo, a partir de datos de la red social X, se construy\u00f3 una nube de palabras que cruza la frecuencia de t\u00e9rminos con el tono emocional. El an\u00e1lisis, basado en metodolog\u00eda de social listening, evidenci\u00f3 que la conversaci\u00f3n est\u00e1 dominada por emociones negativas. Palabras como \u201cmierda\u201d, \u201ccorruptos\u201d y \u201cpa\u00eds\u201d fueron de las m\u00e1s mencionadas, lo que refleja que buena parte de la ciudadan\u00eda percibe de manera cr\u00edtica y desconfiada a quienes aspiran a liderar el pa\u00eds.<\/p>\n\n\n\n<p><strong>\u00bfQui\u00e9n es Jotap\u00e9 Hern\u00e1ndez?<\/strong><\/p>\n\n\n\n<p>Es un youtuber santandereano, predicador y m\u00fasico cristiano,  y activista pol\u00edtico de\u00a0 tendencia conservadora. Fue elegido Senador de la Rep\u00fablica en marzo de 2022, con el aval del partido Alianza Verde y la Coalici\u00f3n Centro Esperanza. Fue el tercer candidato m\u00e1s votado a nivel nacional.<\/p>\n\n\n\n<p>\u200b<strong>Qui\u00e9n es Santiago Botero <\/strong><\/p>\n\n\n\n<p>Es un empresario nacido en Medell\u00edn y radicado en Barranquilla. Botero es reconocido por haber fundado Finsocial, una compa\u00f1\u00eda dedicada a ofrecer cr\u00e9ditos de libranza y libre inversi\u00f3n a profesores y pensionados del sector p\u00fablico. Pertenece a la red de emprendedores Endeavor y la empresa fue vendida a inversionistas internacionales en 2021. Botero preside la empresa SBO Lab, que agrupa diversas compa\u00f1\u00eda, incluyendo una f\u00e1brica de software y una financiadora de veh\u00edculos.<\/p>\n\n\n\n<p><\/p>\n","protected":false},"excerpt":{"rendered":"<p>A trav\u00e9s del Algoritmo Presidencial 2026, una herramienta que monitorea peri\u00f3dicamente la conversaci\u00f3n digital en torno a los aspirantes a la Presidencia de Colombia, la firma Toro Digital divulg\u00f3 los nombres m\u00e1s seguidos en principales redes sociales y su influencia en la contienda electoral. El ranking se construy\u00f3 con base en el n\u00famero de seguidores&#8230;<\/p>\n","protected":false},"author":5,"featured_media":14559,"comment_status":"closed","ping_status":"closed","sticky":false,"template":"","format":"standard","meta":{"_FSMCFIC_featured_image_caption":"","_FSMCFIC_featured_image_nocaption":"","_FSMCFIC_featured_image_hide":"","footnotes":""},"categories":[22],"tags":[],"class_list":["post-14557","post","type-post","status-publish","format-standard","has-post-thumbnail","hentry","category-el_resto"],"_links":{"self":[{"href":"https:\/\/economiaconedmer.com\/economiaenserio\/wp-json\/wp\/v2\/posts\/14557","targetHints":{"allow":["GET"]}}],"collection":[{"href":"https:\/\/economiaconedmer.com\/economiaenserio\/wp-json\/wp\/v2\/posts"}],"about":[{"href":"https:\/\/economiaconedmer.com\/economiaenserio\/wp-json\/wp\/v2\/types\/post"}],"author":[{"embeddable":true,"href":"https:\/\/economiaconedmer.com\/economiaenserio\/wp-json\/wp\/v2\/users\/5"}],"replies":[{"embeddable":true,"href":"https:\/\/economiaconedmer.com\/economiaenserio\/wp-json\/wp\/v2\/comments?post=14557"}],"version-history":[{"count":1,"href":"https:\/\/economiaconedmer.com\/economiaenserio\/wp-json\/wp\/v2\/posts\/14557\/revisions"}],"predecessor-version":[{"id":14558,"href":"https:\/\/economiaconedmer.com\/economiaenserio\/wp-json\/wp\/v2\/posts\/14557\/revisions\/14558"}],"wp:featuredmedia":[{"embeddable":true,"href":"https:\/\/economiaconedmer.com\/economiaenserio\/wp-json\/wp\/v2\/media\/14559"}],"wp:attachment":[{"href":"https:\/\/economiaconedmer.com\/economiaenserio\/wp-json\/wp\/v2\/media?parent=14557"}],"wp:term":[{"taxonomy":"category","embeddable":true,"href":"https:\/\/economiaconedmer.com\/economiaenserio\/wp-json\/wp\/v2\/categories?post=14557"},{"taxonomy":"post_tag","embeddable":true,"href":"https:\/\/economiaconedmer.com\/economiaenserio\/wp-json\/wp\/v2\/tags?post=14557"}],"curies":[{"name":"wp","href":"https:\/\/api.w.org\/{rel}","templated":true}]}}