{"id":14321,"date":"2025-04-12T11:33:14","date_gmt":"2025-04-12T16:33:14","guid":{"rendered":"https:\/\/economiaconedmer.com\/economiaenserio\/?p=14321"},"modified":"2025-04-12T11:41:47","modified_gmt":"2025-04-12T16:41:47","slug":"reforma-a-la-salud-2-0-asi-va-el-pulso-entre-el-gobierno-el-congreso-y-la-gente","status":"publish","type":"post","link":"https:\/\/economiaconedmer.com\/economiaenserio\/04\/12\/reforma-a-la-salud-2-0-asi-va-el-pulso-entre-el-gobierno-el-congreso-y-la-gente\/el_resto\/2025\/","title":{"rendered":"Reforma a la Salud 2.0: as\u00ed va el pulso entre el Gobierno, el Congreso y la gente"},"content":{"rendered":"\n<p><strong>Bogot\u00e1<\/strong>, <strong>11 de abril de 2025<\/strong>. Aunque la discusi\u00f3n de la versi\u00f3n 2.0 de la Reforma a la Salud est\u00e1 a medio camino en el Congreso, ya se sienten \u00e1nimos caldeados entre el Ejecutivo y el Senado. La discusi\u00f3n se atiza en un entorno pol\u00edtico complejo y pinta un ambiente desfavorable para el Gobierno. Desde la ciudadan\u00eda, la percepci\u00f3n es de extremos: en redes sociales predomina un tono de desconfianza hacia una propuesta que, seg\u00fan muchos expertos, podr\u00eda tener efectos negativos sobre la calidad en la prestaci\u00f3n del servicio de salud en Colombia. Sin embargo, en las calles, miles de simpatizantes del Gobierno han salido a manifestar su apoyo a las reformas.<\/p>\n\n\n\n<p>Impulsada por el gobierno del presidente Gustavo Petro, la reforma a la salud propone una transformaci\u00f3n profunda del sistema actual. Su objetivo principal, seg\u00fan sus ponentes, es garantizar un mayor acceso, a trav\u00e9s de un modelo p\u00fablico y solidario centrado en la Atenci\u00f3n Primaria en Salud (APS), similar al antiguo Seguro Social antes de 1993, en donde las EPS se convertir\u00edan en \u201cGestoras de Salud y Vida\u201d, entidades que tendr\u00e1n funciones de gesti\u00f3n del riesgo en salud y el acompa\u00f1amiento a los pacientes.<\/p>\n\n\n\n<p>Aunque esta reforma fue aprobada el mes pasado en segundo debate por la C\u00e1mara de Representantes, en su proceso sufri\u00f3 varias modificaciones. De los 62 art\u00edculos propuestos dentro del proyecto, se elimin\u00f3 uno, se han aprobado 8 sin proposici\u00f3n y 53 con proposici\u00f3n, adem\u00e1s se aprobaron 22 art\u00edculos nuevos avalados por el Gobierno. Su enfoque ha despertado una fuerte polarizaci\u00f3n en el pa\u00eds,&nbsp; dividiendo opiniones entre quienes ven en ella una oportunidad de cambio estructural y quienes temen que debilite a\u00fan m\u00e1s el sistema, esta \u00faltima parte acentuada por las fallas que presenta el modelo implementado para administrar la salud de los docentes, que ser\u00eda el piloto al proyecto que cursa en el Congreso -como ha manifestado el ejecutivo con anterioridad.&nbsp;<\/p>\n\n\n\n<p>Ahora, el reto est\u00e1 en la Comisi\u00f3n S\u00e9ptima del Senado, en la que fueron archivadas tanto la primera versi\u00f3n de la reforma a la Salud, as\u00ed como la Laboral&nbsp; y donde hay una fuerte divisi\u00f3n entre los parlamentarios.&nbsp; Aunque su presidenta, Nadia Blel, ha prometido un debate abierto que incluya propuestas de congresistas y ciudadanos, seis de los catorce senadores han anticipado su rechazo. Cr\u00edticas desde diferentes sectores, como las del senador Miguel \u00c1ngel Pinto (Partido Liberal), el Centro Democr\u00e1tico y el Partido Conservador, apuntan a posibles riesgos por la centralizaci\u00f3n de recursos y dificultades t\u00e9cnicas para implementar el nuevo modelo.<\/p>\n\n\n\n<p><em><strong>\u00bfQu\u00e9 dicen los colombianos sobre las reformas?<\/strong><\/em><\/p>\n\n\n\n<p>En el terreno digital, la reforma tampoco ha logrado convencer. Seg\u00fan un estudio de la consultora LLYC (Llorente y Cuenca) denominado&nbsp;<a rel=\"noreferrer noopener\" target=\"_blank\" href=\"https:\/\/llyc.global\/ideas\/radar-colombia-2025\/\">Radar Colombia<\/a>, en el \u00faltimo a\u00f1o se han generado m\u00e1s de 863.000 menciones sobre el tema en redes sociales, y la mayor\u00eda refleja una postura cr\u00edtica. Los usuarios manifiesta preocupaci\u00f3n por los efectos de un cambio tan profundo (44 %), un colapso en el sistema (2 %); adem\u00e1s, mayor burocracia y escasez de medicamentos, situaciones que ya se han venido presentando con el cambio de enfoque que se le ha dado al sector, a\u00fan sin la aprobaci\u00f3n de la reforma.<\/p>\n\n\n\n<p>Si bien un grupo significativo (25%) respalda la reforma, argumentando que las EPS han estado marcadas por esc\u00e1ndalos de corrupci\u00f3n y fallas estructurales, los detractores advierten que el nuevo modelo podr\u00eda debilitar a\u00fan m\u00e1s un sistema ya fr\u00e1gil y en crisis.<\/p>\n\n\n\n<p>Otra de las aristas es la posici\u00f3n de expertos y ex ministros quienes coinciden en que cualquier reforma debe construir sobre los avances logrados, y no retroceder. Entre sus principales advertencias est\u00e1n la limitada capacidad operativa de la ADRES para manejar los recursos del sistema, la falta de claridad sobre el financiamiento, y el riesgo de precarizaci\u00f3n laboral en el sector. Tambi\u00e9n alertan sobre los desaf\u00edos fiscales y t\u00e9cnicos que podr\u00edan agravar la actual crisis de atenci\u00f3n y desabastecimiento.<\/p>\n\n\n\n<p>Aunque sectores afines al Gobierno ven en la reforma una oportunidad para garantizar una salud m\u00e1s justa y fortalecer la red p\u00fablica hospitalaria, los retos pol\u00edticos y sociales siguen siendo enormes. La incertidumbre sobre su aprobaci\u00f3n final se suma a una situaci\u00f3n sanitaria delicada, marcada por demoras en la atenci\u00f3n y escasez de medicamentos. Lo anterior hace que, m\u00e1s all\u00e1 de la aprobaci\u00f3n del articulado, el Legislativo atienda las preocupaciones ciudadanas sobre burocracia, desabastecimiento, prevenci\u00f3n y un posible colapso del Sistema.&nbsp;<\/p>\n\n\n\n<p><\/p>\n","protected":false},"excerpt":{"rendered":"<p>Bogot\u00e1, 11 de abril de 2025. Aunque la discusi\u00f3n de la versi\u00f3n 2.0 de la Reforma a la Salud est\u00e1 a medio camino en el Congreso, ya se sienten \u00e1nimos caldeados entre el Ejecutivo y el Senado. La discusi\u00f3n se atiza en un entorno pol\u00edtico complejo y pinta un ambiente desfavorable para el Gobierno. Desde&#8230;<\/p>\n","protected":false},"author":5,"featured_media":14325,"comment_status":"closed","ping_status":"closed","sticky":false,"template":"","format":"standard","meta":{"_FSMCFIC_featured_image_caption":"","_FSMCFIC_featured_image_nocaption":"","_FSMCFIC_featured_image_hide":"","footnotes":""},"categories":[22],"tags":[],"class_list":["post-14321","post","type-post","status-publish","format-standard","has-post-thumbnail","hentry","category-el_resto"],"_links":{"self":[{"href":"https:\/\/economiaconedmer.com\/economiaenserio\/wp-json\/wp\/v2\/posts\/14321","targetHints":{"allow":["GET"]}}],"collection":[{"href":"https:\/\/economiaconedmer.com\/economiaenserio\/wp-json\/wp\/v2\/posts"}],"about":[{"href":"https:\/\/economiaconedmer.com\/economiaenserio\/wp-json\/wp\/v2\/types\/post"}],"author":[{"embeddable":true,"href":"https:\/\/economiaconedmer.com\/economiaenserio\/wp-json\/wp\/v2\/users\/5"}],"replies":[{"embeddable":true,"href":"https:\/\/economiaconedmer.com\/economiaenserio\/wp-json\/wp\/v2\/comments?post=14321"}],"version-history":[{"count":2,"href":"https:\/\/economiaconedmer.com\/economiaenserio\/wp-json\/wp\/v2\/posts\/14321\/revisions"}],"predecessor-version":[{"id":14324,"href":"https:\/\/economiaconedmer.com\/economiaenserio\/wp-json\/wp\/v2\/posts\/14321\/revisions\/14324"}],"wp:featuredmedia":[{"embeddable":true,"href":"https:\/\/economiaconedmer.com\/economiaenserio\/wp-json\/wp\/v2\/media\/14325"}],"wp:attachment":[{"href":"https:\/\/economiaconedmer.com\/economiaenserio\/wp-json\/wp\/v2\/media?parent=14321"}],"wp:term":[{"taxonomy":"category","embeddable":true,"href":"https:\/\/economiaconedmer.com\/economiaenserio\/wp-json\/wp\/v2\/categories?post=14321"},{"taxonomy":"post_tag","embeddable":true,"href":"https:\/\/economiaconedmer.com\/economiaenserio\/wp-json\/wp\/v2\/tags?post=14321"}],"curies":[{"name":"wp","href":"https:\/\/api.w.org\/{rel}","templated":true}]}}