{"id":14318,"date":"2025-04-12T11:22:04","date_gmt":"2025-04-12T16:22:04","guid":{"rendered":"https:\/\/economiaconedmer.com\/economiaenserio\/?p=14318"},"modified":"2025-04-12T11:27:52","modified_gmt":"2025-04-12T16:27:52","slug":"satena-regresa-a-tolu-y-refuerza-vuelos-a-mompox-en-semana-santa","status":"publish","type":"post","link":"https:\/\/economiaconedmer.com\/economiaenserio\/04\/12\/satena-regresa-a-tolu-y-refuerza-vuelos-a-mompox-en-semana-santa\/corticas\/2025\/","title":{"rendered":"Satena regresa a Tol\u00fa y refuerza vuelos a Mompox en Semana Santa"},"content":{"rendered":"\n<p><strong>Bogot\u00e1, abril de 2025.<\/strong> A partir del pr\u00f3ximo 11 de abril, SATENA, la aerol\u00ednea de los colombianos, reanuda su operaci\u00f3n a\u00e9rea entre Medell\u00edn y Tol\u00fa, restableciendo as\u00ed un trayecto clave para la movilidad tur\u00edstica y regional hacia el Golfo de Morrosquillo, uno de los corredores tur\u00edsticos m\u00e1s importantes del Caribe colombiano.<\/p>\n\n\n\n<p>La ruta ser\u00e1 operada desde el Aeropuerto Olaya Herrera con aeronaves ATR 42, ideales para rutas regionales de corta distancia y adaptadas a operar con altos est\u00e1ndares de seguridad, eficiencia y confort. Esta reapertura responde a la creciente demanda de pasajeros que eligen destinos costeros por su riqueza natural, cultural y ambiental.<\/p>\n\n\n\n<p>\u00abVolver a Tol\u00fa es m\u00e1s que una ruta estrat\u00e9gica: es una oportunidad para dinamizar el turismo regional, apoyar la econom\u00eda del Caribe y ofrecer a los colombianos m\u00e1s opciones de conexi\u00f3n con destinos de alto valor\u00bb, asegur\u00f3 el Mayor General \u00d3scar Zuluaga Casta\u00f1o, presidente de SATENA.<\/p>\n\n\n\n<p>En paralelo al restablecimiento de esta ruta, y como parte del plan de fortalecimiento de su red durante la temporada alta de Semana Santa, la aerol\u00ednea tambi\u00e9n anunci\u00f3 cuatro vuelos adicionales en la ruta Medell\u00edn\u2013Mompox\u2013Medell\u00edn, con el objetivo de atender el aumento en la demanda hacia uno de los destinos patrimoniales m\u00e1s representativos del pa\u00eds en estas fechas.<\/p>\n","protected":false},"excerpt":{"rendered":"<p>Bogot\u00e1, abril de 2025. A partir del pr\u00f3ximo 11 de abril, SATENA, la aerol\u00ednea de los colombianos, reanuda su operaci\u00f3n a\u00e9rea entre Medell\u00edn y Tol\u00fa, restableciendo as\u00ed un trayecto clave para la movilidad tur\u00edstica y regional hacia el Golfo de Morrosquillo, uno de los corredores tur\u00edsticos m\u00e1s importantes del Caribe colombiano. La ruta ser\u00e1 operada&#8230;<\/p>\n","protected":false},"author":5,"featured_media":14320,"comment_status":"closed","ping_status":"closed","sticky":false,"template":"","format":"standard","meta":{"_FSMCFIC_featured_image_caption":"","_FSMCFIC_featured_image_nocaption":"","_FSMCFIC_featured_image_hide":"","footnotes":""},"categories":[23],"tags":[],"class_list":["post-14318","post","type-post","status-publish","format-standard","has-post-thumbnail","hentry","category-corticas"],"_links":{"self":[{"href":"https:\/\/economiaconedmer.com\/economiaenserio\/wp-json\/wp\/v2\/posts\/14318","targetHints":{"allow":["GET"]}}],"collection":[{"href":"https:\/\/economiaconedmer.com\/economiaenserio\/wp-json\/wp\/v2\/posts"}],"about":[{"href":"https:\/\/economiaconedmer.com\/economiaenserio\/wp-json\/wp\/v2\/types\/post"}],"author":[{"embeddable":true,"href":"https:\/\/economiaconedmer.com\/economiaenserio\/wp-json\/wp\/v2\/users\/5"}],"replies":[{"embeddable":true,"href":"https:\/\/economiaconedmer.com\/economiaenserio\/wp-json\/wp\/v2\/comments?post=14318"}],"version-history":[{"count":1,"href":"https:\/\/economiaconedmer.com\/economiaenserio\/wp-json\/wp\/v2\/posts\/14318\/revisions"}],"predecessor-version":[{"id":14319,"href":"https:\/\/economiaconedmer.com\/economiaenserio\/wp-json\/wp\/v2\/posts\/14318\/revisions\/14319"}],"wp:featuredmedia":[{"embeddable":true,"href":"https:\/\/economiaconedmer.com\/economiaenserio\/wp-json\/wp\/v2\/media\/14320"}],"wp:attachment":[{"href":"https:\/\/economiaconedmer.com\/economiaenserio\/wp-json\/wp\/v2\/media?parent=14318"}],"wp:term":[{"taxonomy":"category","embeddable":true,"href":"https:\/\/economiaconedmer.com\/economiaenserio\/wp-json\/wp\/v2\/categories?post=14318"},{"taxonomy":"post_tag","embeddable":true,"href":"https:\/\/economiaconedmer.com\/economiaenserio\/wp-json\/wp\/v2\/tags?post=14318"}],"curies":[{"name":"wp","href":"https:\/\/api.w.org\/{rel}","templated":true}]}}