{"id":14236,"date":"2025-04-08T21:26:18","date_gmt":"2025-04-09T02:26:18","guid":{"rendered":"https:\/\/economiaconedmer.com\/economiaenserio\/?p=14236"},"modified":"2025-04-08T21:29:28","modified_gmt":"2025-04-09T02:29:28","slug":"alejandro-ramirez-nuevo-presidente-de-cemex-para-latinoamerica","status":"publish","type":"post","link":"https:\/\/economiaconedmer.com\/economiaenserio\/04\/08\/alejandro-ramirez-nuevo-presidente-de-cemex-para-latinoamerica\/corticas\/2025\/","title":{"rendered":"Alejandro Ram\u00edrez, nuevo presidente de Cemex para Latinoam\u00e9rica"},"content":{"rendered":"\n<p>Cemex nombr\u00f3 a Alejandro Ram\u00edrez como nuevo presidente para la regi\u00f3n Sur, Centroam\u00e9rica y Caribe (SCA&amp;C). Este nombramiento hace parte de la transici\u00f3n planeada de liderazgo, que la compa\u00f1\u00eda anunci\u00f3 hoy a nivel global. Ram\u00edrez ven\u00eda desempe\u00f1\u00e1ndose como presidente de Cemex Colombia y Per\u00fa, y mantendr\u00e1 el liderazgo en estos dos mercados, aunque ahora como presidente regional. Su gesti\u00f3n en l\u00ednea con la estrategia global de la compa\u00f1\u00eda se enfocar\u00e1 en cuatro prioridades: Garantizar la Seguridad y Salud de todos los colaborades y personas que interact\u00faan con la compa\u00f1\u00eda; fortalecer la oferta de valor y de servicio para los clientes: impulsar a la estrategia de acci\u00f3n clim\u00e1tica para alcanzar las metas 2030 y 2050 respecto a la descarbonizaci\u00f3n de la compa\u00f1\u00eda; y promover la innovaci\u00f3n y el desarrollo de nuevas soluciones.<\/p>\n","protected":false},"excerpt":{"rendered":"<p>Cemex nombr\u00f3 a Alejandro Ram\u00edrez como nuevo presidente para la regi\u00f3n Sur, Centroam\u00e9rica y Caribe (SCA&amp;C). Este nombramiento hace parte de la transici\u00f3n planeada de liderazgo, que la compa\u00f1\u00eda anunci\u00f3 hoy a nivel global. Ram\u00edrez ven\u00eda desempe\u00f1\u00e1ndose como presidente de Cemex Colombia y Per\u00fa, y mantendr\u00e1 el liderazgo en estos dos mercados, aunque ahora como&#8230;<\/p>\n","protected":false},"author":5,"featured_media":14238,"comment_status":"closed","ping_status":"closed","sticky":false,"template":"","format":"standard","meta":{"_FSMCFIC_featured_image_caption":"","_FSMCFIC_featured_image_nocaption":"","_FSMCFIC_featured_image_hide":"","footnotes":""},"categories":[23],"tags":[],"class_list":["post-14236","post","type-post","status-publish","format-standard","has-post-thumbnail","hentry","category-corticas"],"_links":{"self":[{"href":"https:\/\/economiaconedmer.com\/economiaenserio\/wp-json\/wp\/v2\/posts\/14236","targetHints":{"allow":["GET"]}}],"collection":[{"href":"https:\/\/economiaconedmer.com\/economiaenserio\/wp-json\/wp\/v2\/posts"}],"about":[{"href":"https:\/\/economiaconedmer.com\/economiaenserio\/wp-json\/wp\/v2\/types\/post"}],"author":[{"embeddable":true,"href":"https:\/\/economiaconedmer.com\/economiaenserio\/wp-json\/wp\/v2\/users\/5"}],"replies":[{"embeddable":true,"href":"https:\/\/economiaconedmer.com\/economiaenserio\/wp-json\/wp\/v2\/comments?post=14236"}],"version-history":[{"count":1,"href":"https:\/\/economiaconedmer.com\/economiaenserio\/wp-json\/wp\/v2\/posts\/14236\/revisions"}],"predecessor-version":[{"id":14237,"href":"https:\/\/economiaconedmer.com\/economiaenserio\/wp-json\/wp\/v2\/posts\/14236\/revisions\/14237"}],"wp:featuredmedia":[{"embeddable":true,"href":"https:\/\/economiaconedmer.com\/economiaenserio\/wp-json\/wp\/v2\/media\/14238"}],"wp:attachment":[{"href":"https:\/\/economiaconedmer.com\/economiaenserio\/wp-json\/wp\/v2\/media?parent=14236"}],"wp:term":[{"taxonomy":"category","embeddable":true,"href":"https:\/\/economiaconedmer.com\/economiaenserio\/wp-json\/wp\/v2\/categories?post=14236"},{"taxonomy":"post_tag","embeddable":true,"href":"https:\/\/economiaconedmer.com\/economiaenserio\/wp-json\/wp\/v2\/tags?post=14236"}],"curies":[{"name":"wp","href":"https:\/\/api.w.org\/{rel}","templated":true}]}}