{"id":14205,"date":"2025-04-07T20:57:10","date_gmt":"2025-04-08T01:57:10","guid":{"rendered":"https:\/\/economiaconedmer.com\/economiaenserio\/?p=14205"},"modified":"2025-04-07T21:29:27","modified_gmt":"2025-04-08T02:29:27","slug":"inflacion-cede-terreno-pero-se-resiste-a-romper-el-piso-del-5","status":"publish","type":"post","link":"https:\/\/economiaconedmer.com\/economiaenserio\/04\/07\/inflacion-cede-terreno-pero-se-resiste-a-romper-el-piso-del-5\/el_bolsillo\/2025\/","title":{"rendered":"La inflaci\u00f3n cede terreno, pero sigue aferrada al 5%"},"content":{"rendered":"\n<p>La inflaci\u00f3n acumulada en los \u00faltimos 12 meses, hasta marzo pasado, se ubic\u00f3 en 5,09%. Esta cifra es levemente inferior a la registrada en febrero, cuando cerr\u00f3 en 5,28%. <\/p>\n\n\n\n<p>El resultado de marzo, que coincide con los pron\u00f3sticos de los analistas econ\u00f3micos, le da la raz\u00f3n a la junta directiva del Banco de la Rep\u00fablica que en su \u00faltima reuni\u00f3n decidi\u00f3 mantener estable su tasa de referencia, para evitar una reactivaci\u00f3n de los precios de los productos de la canasta familiar de los colombianos.<\/p>\n\n\n\n<p>Sin embargo, la cifra de marzo, del \u00cdndice de Precios al Consumidor, constituye una leve esperanza en torno a la posibilidad de que los precios retomen la tendencia descendente que se quebr\u00f3 entre diciembre del 2024 y enero y febrero del 2025. Solo si esto sucede, los codirectores del Emisor podr\u00edan aplicar una reducci\u00f3n de su tasa de inter\u00e9s, con lo cual se podr\u00eda esperar una reactivaci\u00f3n de la econom\u00eda y el empleo.<\/p>\n\n\n\n<p>Por ahora, todo sigue igual, pero hay se\u00f1ales de que el comportamiento de los precios puede seguir cediendo terreno en los pr\u00f3ximos meses, y por consiguiente, las tasas de inter\u00e9s vuelvan a bajar.   <\/p>\n","protected":false},"excerpt":{"rendered":"<p>La inflaci\u00f3n acumulada en los \u00faltimos 12 meses, hasta marzo pasado, se ubic\u00f3 en 5,09%. Esta cifra es levemente inferior a la registrada en febrero, cuando cerr\u00f3 en 5,28%. El resultado de marzo, que coincide con los pron\u00f3sticos de los analistas econ\u00f3micos, le da la raz\u00f3n a la junta directiva del Banco de la Rep\u00fablica&#8230;<\/p>\n","protected":false},"author":5,"featured_media":14210,"comment_status":"closed","ping_status":"closed","sticky":false,"template":"","format":"standard","meta":{"_FSMCFIC_featured_image_caption":"","_FSMCFIC_featured_image_nocaption":"","_FSMCFIC_featured_image_hide":"","footnotes":""},"categories":[2],"tags":[],"class_list":["post-14205","post","type-post","status-publish","format-standard","has-post-thumbnail","hentry","category-el_bolsillo"],"_links":{"self":[{"href":"https:\/\/economiaconedmer.com\/economiaenserio\/wp-json\/wp\/v2\/posts\/14205","targetHints":{"allow":["GET"]}}],"collection":[{"href":"https:\/\/economiaconedmer.com\/economiaenserio\/wp-json\/wp\/v2\/posts"}],"about":[{"href":"https:\/\/economiaconedmer.com\/economiaenserio\/wp-json\/wp\/v2\/types\/post"}],"author":[{"embeddable":true,"href":"https:\/\/economiaconedmer.com\/economiaenserio\/wp-json\/wp\/v2\/users\/5"}],"replies":[{"embeddable":true,"href":"https:\/\/economiaconedmer.com\/economiaenserio\/wp-json\/wp\/v2\/comments?post=14205"}],"version-history":[{"count":3,"href":"https:\/\/economiaconedmer.com\/economiaenserio\/wp-json\/wp\/v2\/posts\/14205\/revisions"}],"predecessor-version":[{"id":14209,"href":"https:\/\/economiaconedmer.com\/economiaenserio\/wp-json\/wp\/v2\/posts\/14205\/revisions\/14209"}],"wp:featuredmedia":[{"embeddable":true,"href":"https:\/\/economiaconedmer.com\/economiaenserio\/wp-json\/wp\/v2\/media\/14210"}],"wp:attachment":[{"href":"https:\/\/economiaconedmer.com\/economiaenserio\/wp-json\/wp\/v2\/media?parent=14205"}],"wp:term":[{"taxonomy":"category","embeddable":true,"href":"https:\/\/economiaconedmer.com\/economiaenserio\/wp-json\/wp\/v2\/categories?post=14205"},{"taxonomy":"post_tag","embeddable":true,"href":"https:\/\/economiaconedmer.com\/economiaenserio\/wp-json\/wp\/v2\/tags?post=14205"}],"curies":[{"name":"wp","href":"https:\/\/api.w.org\/{rel}","templated":true}]}}