{"id":14182,"date":"2025-04-05T08:44:21","date_gmt":"2025-04-05T13:44:21","guid":{"rendered":"https:\/\/economiaconedmer.com\/economiaenserio\/?p=14182"},"modified":"2025-04-05T09:04:19","modified_gmt":"2025-04-05T14:04:19","slug":"la-reglamentacion-del-nuevo-sistema-pensional-ya-va-en-el-56","status":"publish","type":"post","link":"https:\/\/economiaconedmer.com\/economiaenserio\/04\/05\/la-reglamentacion-del-nuevo-sistema-pensional-ya-va-en-el-56\/el_bolsillo\/2025\/","title":{"rendered":"Reglamentaci\u00f3n del sistema pensional ya va en el 56%"},"content":{"rendered":"\n<p><em><strong>En los pr\u00f3ximos d\u00edas ser\u00e1 expedido el decreto sobre la gobernanza del Fondo de Ahorro del Pilar Contributivo (FAPC), administrado por el Banco de la Rep\u00fablica, que est\u00e1 en consulta p\u00fablica.<\/strong><\/em><\/p>\n\n\n\n<p>La Unidad de Regulaci\u00f3n Financiera (URF) avanza en 56% en la reglamentaci\u00f3n de la reforma pensional. Se trata del establecimiento del marco normativo<strong> <\/strong>que brinde certidumbre a todos los actores,\u00a0incluyendo a los futuros pensionados, antes de la entrada en vigencia, del sistema, el pr\u00f3ximo primero de julio de 2025.<\/p>\n\n\n\n<p>En el reciente Congreso de Asofondos, la directora de la URF, M\u00f3nica Higuera Garz\u00f3n, se refiri\u00f3 a tres aspectos claves: \u00bfC\u00f3mo se ha llevado a cabo este proceso de reglamentaci\u00f3n por parte de la Unidad? \u00bfCu\u00e1les han sido los avances logrados hasta la fecha? y \u00bfQu\u00e9 se espera para las pr\u00f3ximas semanas sobre este proceso de reglamentaci\u00f3n?<\/p>\n\n\n\n<p><strong>El proceso regulatorio<\/strong><\/p>\n\n\n\n<p>Aunque la URF se vincul\u00f3 a este tema desde antes de la aprobaci\u00f3n del proyecto de Reforma Pensional. Una vez sancionada la Ley, la URF intervino en sesiones de la mesa t\u00e9cnica de reglamentaci\u00f3n liderada por el Ministerio del Trabajo con la participaci\u00f3n de diversas entidades del Estado. En estas 33 mesas realizadas hasta el momento, se han definido los elementos objeto de regulaci\u00f3n que contempla la Ley 2381 de 2024.<\/p>\n\n\n\n<p>\u00abHemos trabajado en la reglamentaci\u00f3n del nuevo sistema pensional, atendiendo el objetivo de que la regulaci\u00f3n y la posterior supervisi\u00f3n de la normativa sea lo m\u00e1s eficiente posible. Tambi\u00e9n lo hemos hecho en torno al rol del Banco de la Rep\u00fablica de Colombia como administrador del Fondo de Ahorro del Pilar Contributivo.<\/p>\n\n\n\n<p>La directora de la URF dijo que la entidad a su cargo ha abierto canales de di\u00e1logo y consulta p\u00fablica con la participaci\u00f3n de actores interesados tales como, Asofondos anfitri\u00f3n de este congreso, Fasecolda, ColCapital, Asofiduciarias, Asobolsa, entre otros, con el objetivo de recibir propuestas, escuchar sus inquietudes y poner a prueba el entendimiento de la normativa.<\/p>\n\n\n\n<p><strong>Avances logrados&nbsp;<\/strong><\/p>\n\n\n\n<p>Durante el \u00faltimo trimestre de 2024, se trabaj\u00f3 en la  construcci\u00f3n del Decreto 1225 de 2024, que defini\u00f3 el mecanismo aleatorio de selecci\u00f3n de Administradora para aquellos trabajadores que ganan m\u00e1s de 2,3 salarios m\u00ednimos. Tambi\u00e9n se establecieron las reglas de selecci\u00f3n de administradoras, oportunidad de traslado y fij\u00f3 un r\u00e9gimen de transici\u00f3n.<\/p>\n\n\n\n<p>En 2024 fue expedido el Decreto 1558 de 2024 que estableci\u00f3 el r\u00e9gimen de autorizaci\u00f3n de las Administradoras del Componente Complementario de Ahorro Individual en lo relacionado con normas de Gobierno corporativo y capitales m\u00ednimos.<\/p>\n\n\n\n<p>En este decreto se se\u00f1al\u00f3 el procedimiento para elecci\u00f3n de los representantes de los afiliados, la identificaci\u00f3n, administraci\u00f3n y revelaci\u00f3n de conflictos de inter\u00e9s. Y se ajustaron algunas disposiciones para el c\u00e1lculo de la relaci\u00f3n de solvencia de las entidades que desarrollar\u00e1n actividad de ACCAI.<\/p>\n\n\n\n<p>En los pr\u00f3ximos d\u00edas ser\u00e1 expedido el decreto sobre la gobernanza del Fondo de Ahorro del Pilar Contributivo (FAPC), administrado por el Banco de la Rep\u00fablica, que est\u00e1 en consulta p\u00fablica.<\/p>\n\n\n\n<p>Adem\u00e1s, el Gobierno nacional expedir\u00e1 una reglamentaci\u00f3n espec\u00edfica para la fase de desacumulaci\u00f3n, entorno al reconocimiento de rentas vitalicias del pilar semicontributivo a trav\u00e9s del FAPC.<\/p>\n\n\n\n<p><strong>\u00bfQu\u00e9 esperar las pr\u00f3ximas semanas?<\/strong><\/p>\n\n\n\n<p>Actualmente, se trabaja en tres proyectos de decreto que ser\u00e1n publicados para comentarios en los pr\u00f3ximos d\u00edas:<\/p>\n\n\n\n<p>El esquema de fondos generacionales, r\u00e9gimen de inversi\u00f3n del Componente de Prima Media y el mecanismo de desacumulaci\u00f3n del Componente Complementario de Ahorro Individual: Este fijar\u00e1 un esquema de fondos subsidiarios que permitir\u00e1 una transici\u00f3n gradual del actual modelo de multifondos hacia los fondos generacionales.<\/p>\n\n\n\n<p>Adem\u00e1s, definir\u00e1 aspectos clave tales como:<\/p>\n\n\n\n<ul class=\"wp-block-list\">\n<li>Las trayectorias de inversi\u00f3n, Los portafolios de referencia, Los tipos de activos, as\u00ed como los fondos de entrada y salida y su respectivo r\u00e9gimen de inversiones.<\/li>\n\n\n\n<li>En este \u00faltimo punto, la URF considera fundamental lograr un equilibrio que permita adaptar la estrategia de inversi\u00f3n global a la heterogeneidad de la poblaci\u00f3n beneficiaria.<\/li>\n<\/ul>\n\n\n\n<p>Los detalles de esta propuesta ser\u00e1n puestos a consideraci\u00f3n del p\u00fablico en las pr\u00f3ximas semanas.<\/p>\n","protected":false},"excerpt":{"rendered":"<p>En los pr\u00f3ximos d\u00edas ser\u00e1 expedido el decreto sobre la gobernanza del Fondo de Ahorro del Pilar Contributivo (FAPC), administrado por el Banco de la Rep\u00fablica, que est\u00e1 en consulta p\u00fablica. La Unidad de Regulaci\u00f3n Financiera (URF) avanza en 56% en la reglamentaci\u00f3n de la reforma pensional. Se trata del establecimiento del marco normativo que&#8230;<\/p>\n","protected":false},"author":5,"featured_media":14189,"comment_status":"closed","ping_status":"closed","sticky":false,"template":"","format":"standard","meta":{"_FSMCFIC_featured_image_caption":"","_FSMCFIC_featured_image_nocaption":"","_FSMCFIC_featured_image_hide":"","footnotes":""},"categories":[2],"tags":[],"class_list":["post-14182","post","type-post","status-publish","format-standard","has-post-thumbnail","hentry","category-el_bolsillo"],"_links":{"self":[{"href":"https:\/\/economiaconedmer.com\/economiaenserio\/wp-json\/wp\/v2\/posts\/14182","targetHints":{"allow":["GET"]}}],"collection":[{"href":"https:\/\/economiaconedmer.com\/economiaenserio\/wp-json\/wp\/v2\/posts"}],"about":[{"href":"https:\/\/economiaconedmer.com\/economiaenserio\/wp-json\/wp\/v2\/types\/post"}],"author":[{"embeddable":true,"href":"https:\/\/economiaconedmer.com\/economiaenserio\/wp-json\/wp\/v2\/users\/5"}],"replies":[{"embeddable":true,"href":"https:\/\/economiaconedmer.com\/economiaenserio\/wp-json\/wp\/v2\/comments?post=14182"}],"version-history":[{"count":3,"href":"https:\/\/economiaconedmer.com\/economiaenserio\/wp-json\/wp\/v2\/posts\/14182\/revisions"}],"predecessor-version":[{"id":14188,"href":"https:\/\/economiaconedmer.com\/economiaenserio\/wp-json\/wp\/v2\/posts\/14182\/revisions\/14188"}],"wp:featuredmedia":[{"embeddable":true,"href":"https:\/\/economiaconedmer.com\/economiaenserio\/wp-json\/wp\/v2\/media\/14189"}],"wp:attachment":[{"href":"https:\/\/economiaconedmer.com\/economiaenserio\/wp-json\/wp\/v2\/media?parent=14182"}],"wp:term":[{"taxonomy":"category","embeddable":true,"href":"https:\/\/economiaconedmer.com\/economiaenserio\/wp-json\/wp\/v2\/categories?post=14182"},{"taxonomy":"post_tag","embeddable":true,"href":"https:\/\/economiaconedmer.com\/economiaenserio\/wp-json\/wp\/v2\/tags?post=14182"}],"curies":[{"name":"wp","href":"https:\/\/api.w.org\/{rel}","templated":true}]}}