{"id":14175,"date":"2025-04-05T07:48:58","date_gmt":"2025-04-05T12:48:58","guid":{"rendered":"https:\/\/economiaconedmer.com\/economiaenserio\/?p=14175"},"modified":"2025-04-05T07:48:58","modified_gmt":"2025-04-05T12:48:58","slug":"de-que-manera-las-universidades-forman-jovenes-en-ia","status":"publish","type":"post","link":"https:\/\/economiaconedmer.com\/economiaenserio\/04\/05\/de-que-manera-las-universidades-forman-jovenes-en-ia\/jovenes\/2025\/","title":{"rendered":"\u00bfDe qu\u00e9 manera las universidades forman j\u00f3venes en IA?"},"content":{"rendered":"\n<p><strong><em>La demanda de profesionales especializados en \u00e1reas como la inteligencia artificial, ciberseguridad y an\u00e1lisis de datos crecer\u00e1 m\u00e1s de 30% hacia 2030. \u00bfC\u00f3mo sed atender\u00e1n estas nuevas necesidades?<\/em><\/strong><\/p>\n\n\n\n<p><strong>Bogot\u00e1, 4 de abril de 2025. <\/strong>Colombia atraviesa por una transformaci\u00f3n en la educaci\u00f3n superior que est\u00e1 impactando en las nuevas necesidades del entorno laboral. Y es la tecnolog\u00eda uno de los principales aliados en este proceso.<\/p>\n\n\n\n<p>El pa\u00eds ha continuado reduciendo su brecha laboral con \u00e9xito, especialmente en las zonas rurales. Para 2024, el acceso y el uso de internet aument\u00f3, alcanzando 39,51 millones de usuarios y un 75,7% de penetraci\u00f3n en la poblaci\u00f3n. Es un panorama que no solo ampl\u00eda las posibilidades de acceder a m\u00e1s informaci\u00f3n y nuevos empleos, sino a m\u00e1s opciones de formaci\u00f3n acad\u00e9mica.<\/p>\n\n\n\n<p>La educaci\u00f3n virtual ha tenido un crecimiento positivo. Mientras en 2018 reportaba el 10% de las matr\u00edculas, en 2023 ya iba en un 22%. Y para 2024 la tasa de graduaci\u00f3n en programas virtuales alcanz\u00f3 un 65%. De los m\u00e1s de dos millones de colombianos que est\u00e1n cursando alg\u00fan programa de educaci\u00f3n superior, un 16% lo hacen mediante metodolog\u00eda virtual.&nbsp;<\/p>\n\n\n\n<p>Y sumado a este panorama, la Inteligencia Artificial reclama una atenci\u00f3n urgente en la visi\u00f3n acad\u00e9mica, dado su impacto inevitable en el mundo laboral. Preparar a los profesionales en esta \u00e1rea no es una opci\u00f3n sino un compromiso de una educaci\u00f3n que quiera ser \u00fatil para el presente.&nbsp;<\/p>\n\n\n\n<p>Por eso se llev\u00f3 a cabo un encuentro exclusivo con medios en Bogot\u00e1, donde se abordaron estos temas desde la perspectiva de una de las universidades virtuales espa\u00f1olas con mayor demanda en Colombia, la Universidad Internacional de Valencia &#8211; VIU, quienes han sabido involucrar la IA en su visi\u00f3n acad\u00e9mica, entre muchas otras metodolog\u00edas tecnol\u00f3gicas de vanguardia.&nbsp;<\/p>\n\n\n\n<p>\u00abLa IA lo est\u00e1 reinventando todo y est\u00e1 afectando a los trabajadores de manera directa en t\u00e9rminos de productividad y transformando radicalmente todos los \u00e1mbitos de conocimiento, y all\u00ed es donde la universidad debe entrar a participar\u00bb, indica Jos\u00e9 Mart\u00ed Parre\u00f1o, Vicerrector de Investigaci\u00f3n, Transferencia e Internacionalizaci\u00f3n de VIU. \u00abY la mejor manera de responder a todo eso es la formaci\u00f3n, y no hablamos solo de una capacitaci\u00f3n t\u00e9cnica, sino de impactar socialmente en positivo donde la ense\u00f1anza de la IA est\u00e9 acompa\u00f1ada de una \u00e9tica y un respeto hacia el ser humano y sus actividades\u00bb.<\/p>\n\n\n\n<p>A su vez, la rectora destac\u00f3 la rectora, Eva Mar\u00eda Giner, declar\u00f3 durante su intervenci\u00f3n: \u00abLas universidades debemos ser generadoras de conocimiento, pero tambi\u00e9n las que garanticen que esos logros y avances se transfieran de forma directa a la sociedad para generar nuevas oportunidades laborales y para garantizar soluciones pr\u00e1cticas y efectivas a los desaf\u00edos globales a los que nos enfrentamos. Entre ellos, el cambio clim\u00e1tico, la desigualdad social, el uso y aplicaci\u00f3n de la inteligencia artificial o la digitalizaci\u00f3n de los procesos productivos\u00bb.<\/p>\n\n\n\n<p><strong>Tendencias de la educaci\u00f3n virtual en Am\u00e9rica Latina y el mundo<\/strong><\/p>\n\n\n\n<p>Entre las principales tendencias que est\u00e1n transformando la educaci\u00f3n online a nivel global, se destaca el uso de inteligencia artificial para personalizar el aprendizaje, la implementaci\u00f3n de micro-credenciales y modelos modulares m\u00e1s flexibles, el auge de la gamificaci\u00f3n y la realidad virtual como herramientas inmersivas, as\u00ed como el desarrollo de plataformas que permiten combinar clases en formato sincr\u00f3nico y asincr\u00f3nico.&nbsp;<\/p>\n\n\n\n<p>\u00abLa presencia de estas soluciones tecnol\u00f3gicas es a\u00fan mayor cuando se es una universidad virtual\u00bb se\u00f1al\u00f3 Jos\u00e9 Mart\u00ed. \u00abLa personalizaci\u00f3n del acompa\u00f1amiento al alumno, la disponibilidad 24\/7 como solo la IA puede hacerlo\u00bb.<\/p>\n\n\n\n<p>Los expertos tambi\u00e9n destacaron la importancia de formar a los estudiantes en habilidades digitales y transversales, como el pensamiento cr\u00edtico, la comunicaci\u00f3n efectiva y la adaptaci\u00f3n a entornos virtuales de trabajo, todas claves en un mercado laboral cambiante.&nbsp;<\/p>\n\n\n\n<p>Son innovaciones que, sumadas a un enfoque pedag\u00f3gico centrado en el estudiante, consolidan el modelo que universidades como VIU han implementado como una respuesta educativa pertinente, accesible y conectada con la realidad profesional del siglo XXI.<\/p>\n\n\n\n<p><strong>Programas acad\u00e9micos innovadores, el secreto de la educaci\u00f3n para el presente<\/strong><\/p>\n\n\n\n<p>La tecnolog\u00eda est\u00e1 convirti\u00e9ndose en un tema que reclama presencia en muchas m\u00e1s \u00e1reas profesionales. Las empresas de todos los sectores est\u00e1n en un gran proceso de transici\u00f3n tecnol\u00f3gica, y el talento humano debe estar capacitado para ello.<\/p>\n\n\n\n<p>De ah\u00ed que las universidades sepan incluir estos temas en sus programas acad\u00e9micos para brindar una educaci\u00f3n relevante y necesaria. En Colombia, por ejemplo, el informe del Ministerio de Tecnolog\u00edas de la Informaci\u00f3n y las Comunicaciones proyecta que el pa\u00eds necesitar\u00e1 m\u00e1s de 200.000 profesionales en \u00e1reas digitales para 2025, una brecha que representa una oportunidad y un desaf\u00edo para el sistema educativo.<\/p>\n\n\n\n<p>Los expertos hablan desde la experiencia. VIU cuenta con una oferta de 135 titulaciones activas, todas impartidas bajo un modelo 100 % online, flexible, personalizado y conectado con las exigencias del mercado profesional actual, y ha encontrado en Colombia y Am\u00e9rica Latina un territorio f\u00e9rtil de talento. La Inteligencia Artificial, la ciberseguridad, la salud digital y gesti\u00f3n sanitaria, la econom\u00eda circular y sostenible, la ciencia de datos y la neurociencia son temas tendencia en su oferta.<\/p>\n\n\n\n<p>Con&nbsp; 2.548 estudiantes colombianos inscritos en sus programas, m\u00e1s de 520 egresados y cooperaci\u00f3n con universidades colombianas como la UNAD, su visita al pa\u00eds abre la puerta a mirar estrat\u00e9gicamente c\u00f3mo anticiparse a los cambios del mercado y formar perfiles preparados para enfrentar entornos laborales en constante transformaci\u00f3n.<\/p>\n","protected":false},"excerpt":{"rendered":"<p>La demanda de profesionales especializados en \u00e1reas como la inteligencia artificial, ciberseguridad y an\u00e1lisis de datos crecer\u00e1 m\u00e1s de 30% hacia 2030. \u00bfC\u00f3mo sed atender\u00e1n estas nuevas necesidades? Bogot\u00e1, 4 de abril de 2025. Colombia atraviesa por una transformaci\u00f3n en la educaci\u00f3n superior que est\u00e1 impactando en las nuevas necesidades del entorno laboral. Y es&#8230;<\/p>\n","protected":false},"author":5,"featured_media":14176,"comment_status":"closed","ping_status":"closed","sticky":false,"template":"","format":"standard","meta":{"_FSMCFIC_featured_image_caption":"","_FSMCFIC_featured_image_nocaption":"","_FSMCFIC_featured_image_hide":"","footnotes":""},"categories":[24],"tags":[],"class_list":["post-14175","post","type-post","status-publish","format-standard","has-post-thumbnail","hentry","category-jovenes"],"_links":{"self":[{"href":"https:\/\/economiaconedmer.com\/economiaenserio\/wp-json\/wp\/v2\/posts\/14175","targetHints":{"allow":["GET"]}}],"collection":[{"href":"https:\/\/economiaconedmer.com\/economiaenserio\/wp-json\/wp\/v2\/posts"}],"about":[{"href":"https:\/\/economiaconedmer.com\/economiaenserio\/wp-json\/wp\/v2\/types\/post"}],"author":[{"embeddable":true,"href":"https:\/\/economiaconedmer.com\/economiaenserio\/wp-json\/wp\/v2\/users\/5"}],"replies":[{"embeddable":true,"href":"https:\/\/economiaconedmer.com\/economiaenserio\/wp-json\/wp\/v2\/comments?post=14175"}],"version-history":[{"count":1,"href":"https:\/\/economiaconedmer.com\/economiaenserio\/wp-json\/wp\/v2\/posts\/14175\/revisions"}],"predecessor-version":[{"id":14177,"href":"https:\/\/economiaconedmer.com\/economiaenserio\/wp-json\/wp\/v2\/posts\/14175\/revisions\/14177"}],"wp:featuredmedia":[{"embeddable":true,"href":"https:\/\/economiaconedmer.com\/economiaenserio\/wp-json\/wp\/v2\/media\/14176"}],"wp:attachment":[{"href":"https:\/\/economiaconedmer.com\/economiaenserio\/wp-json\/wp\/v2\/media?parent=14175"}],"wp:term":[{"taxonomy":"category","embeddable":true,"href":"https:\/\/economiaconedmer.com\/economiaenserio\/wp-json\/wp\/v2\/categories?post=14175"},{"taxonomy":"post_tag","embeddable":true,"href":"https:\/\/economiaconedmer.com\/economiaenserio\/wp-json\/wp\/v2\/tags?post=14175"}],"curies":[{"name":"wp","href":"https:\/\/api.w.org\/{rel}","templated":true}]}}