{"id":14012,"date":"2025-03-27T21:18:16","date_gmt":"2025-03-28T02:18:16","guid":{"rendered":"https:\/\/economiaconedmer.com\/economiaenserio\/?p=14012"},"modified":"2025-03-28T06:19:16","modified_gmt":"2025-03-28T11:19:16","slug":"sierracol-energy-entrego-obras-y-dotacion-en-27-escuelas-rurales-de-arauquita","status":"publish","type":"post","link":"https:\/\/economiaconedmer.com\/economiaenserio\/03\/27\/sierracol-energy-entrego-obras-y-dotacion-en-27-escuelas-rurales-de-arauquita\/el_resto\/2025\/","title":{"rendered":"SierraCol Energy mejor\u00f3 y dot\u00f3 27 escuelas rurales de Arauquita"},"content":{"rendered":"\n<p><strong>Arauquita, 27 marzo de 2025.<\/strong> En un evento que cont\u00f3 con la presencia de la Viceministra de Educaci\u00f3n Preescolar, B\u00e1sica y Media, Dra. Gloria Mercedes Carrasco, el director de la Agencia de Renovaci\u00f3n del Territorio (ART), Dr. Ra\u00fal Delgado, el secretario de Educaci\u00f3n Departamental, Dr. Ariel Pedraza y el Alcalde de Arauquita Dr. Luis Fernando Panqueva, as\u00ed como representantes de la comunidad educativa y l\u00edderes comunitarios, SierraCol Energy entreg\u00f3 al Ministerio de Educaci\u00f3n Nacional las obras de mejoramiento y la dotaci\u00f3n de 27 instituciones educativas rurales del municipio de Arauquita, proyecto ejecutado mediante el mecanismo de Obras por Impuestos.<br>El proyecto beneficia a m\u00e1s de 1.600 personas, entre estudiantes y docentes, y represent\u00f3 una ejecuci\u00f3n de 14.518 millones de pesos.<br>\u201cPara SierraCol Energy este es un nuevo paso en la contribuci\u00f3n de la Compa\u00f1\u00eda hacia la construcci\u00f3n de un mejor futuro para las nuevas generaciones araucanas. As\u00ed mismo, soportar las iniciativas del Gobierno Nacional y de las autoridades regionales en sus programas y pol\u00edticas que se desarrollan en los territorios donde la Empresa tiene presencia\u201d, indic\u00f3 Alejandra Casta\u00f1o, Vicepresidente de Asuntos Corporativos.<\/p>\n\n\n\n<figure class=\"wp-block-image size-large\"><img loading=\"lazy\" decoding=\"async\" width=\"300\" height=\"200\" src=\"https:\/\/economiaconedmer.com\/economiaenserio\/wp-content\/uploads\/2025\/03\/opi-escuelassss-300x200.jpg\" alt=\"\" class=\"wp-image-14015\" srcset=\"https:\/\/economiaconedmer.com\/economiaenserio\/wp-content\/uploads\/2025\/03\/opi-escuelassss-300x200.jpg 300w, https:\/\/economiaconedmer.com\/economiaenserio\/wp-content\/uploads\/2025\/03\/opi-escuelassss-250x167.jpg 250w, https:\/\/economiaconedmer.com\/economiaenserio\/wp-content\/uploads\/2025\/03\/opi-escuelassss-768x512.jpg 768w, https:\/\/economiaconedmer.com\/economiaenserio\/wp-content\/uploads\/2025\/03\/opi-escuelassss-1536x1023.jpg 1536w, https:\/\/economiaconedmer.com\/economiaenserio\/wp-content\/uploads\/2025\/03\/opi-escuelassss-820x545.jpg 820w, https:\/\/economiaconedmer.com\/economiaenserio\/wp-content\/uploads\/2025\/03\/opi-escuelassss-600x400.jpg 600w, https:\/\/economiaconedmer.com\/economiaenserio\/wp-content\/uploads\/2025\/03\/opi-escuelassss.jpg 1600w\" sizes=\"auto, (max-width: 300px) 100vw, 300px\" \/><\/figure>\n\n\n\n<p>Las obras de mejoramiento de estas sedes educativas se realizaron en salones, laboratorios, bibliotecas, aulas de sistemas, ba\u00f1os, cocinas, comedores, \u00e1reas de cafeter\u00eda y bodegas, entre otros espacios, e incluyeron trabajos de mejoramiento de pisos, revestimiento de muros, reposici\u00f3n de sanitarios, cambio de redes h\u00eddro sanitarias y de gas, carpinter\u00eda, adecuaci\u00f3n de instalaciones el\u00e9ctricas, obras exteriores, canales para el manejo de aguas lluvias e infraestructura de saneamiento b\u00e1sico.<br>Las escuelas remodeladas est\u00e1n ubicadas en las veredas de Los Jardines, La Victoria, San Miguel, Uni\u00f3n de los Cardenales, Villa Nueva, Santa Isabel de Caranal, El Guayac\u00e1n, Filipinas, Gaviotas del Caranal, La Reserva, Los Tropicales, Playa Rica, Mata de Coco, San Isidro, San Jos\u00e9 de Caranal, Santa Clara, San Juan de Reinera, Centro Poblado Aguachica, El Oasis, La Paz, Campo Cinco, El Recreo, Gait\u00e1n Caranal, Bajo Caranal, Cuatro de Julio, Los Chorros y San Luis Cuatro Esquinas.<\/p>\n\n\n\n<p><strong>Compromiso con el progreso de Arauca<\/strong><br>El compromiso de SierraCol Energy con el progreso del Departamento y el bienestar de las comunidades contin\u00faa. La Compa\u00f1\u00eda est\u00e1 ejecutando en total 63.000 millones de pesos, a trav\u00e9s del mecanismo de Obras por Impuestos. Los proyectos ejecutados mediante esta modalidad beneficiar\u00e1n a m\u00e1s de 26.000 habitantes de centros poblados, caser\u00edos y veredas de Arauquita, en proyectos de educaci\u00f3n, binfraestructura y saneamiento b\u00e1sico.<br>En el marco de esta inversi\u00f3n, recientemente se iniciaron dos proyectos que beneficiar\u00e1n a m\u00e1s de 660 familias del \u00e1rea rural del municipio de Arauquita, se trata de la construcci\u00f3n de unidades sanitarias y de sistemas individuales para el mejoramiento de la calidad del agua.<br>Adicionalmente, en 2024, SierraCol Energy invirti\u00f3 m\u00e1s de 19.000 millones de pesos de pesos en el departamento de Arauca, a trav\u00e9s de inversi\u00f3n social voluntaria y alianzas con la institucionalidad, beneficiando a cerca de 3.000 familias de 85 veredas de los municipios de Arauca y Arauquita. En 2025 seguimos comprometidos con el progreso de Arauca.<br>Al momento de la entrega del proyecto Carlos Velasco, Vicepresidente de Sostenibilidad de SierraCol Energy, se\u00f1al\u00f3 que \u201cel progreso del territorio s\u00f3lo es posible cuando unimos esfuerzos y trabajamos por un mismo prop\u00f3sito, la empresa privada, la institucionalidad y las comunidades\u201d.<\/p>\n\n\n\n<p><strong>Acerca de SierraCol Energy<\/strong><br>SierraCol Energy Arauca, LLC (SierraCol Energy) es una organizaci\u00f3n de exploraci\u00f3n y producci\u00f3n de hidrocarburos, comprometida con la protecci\u00f3n del entorno natural, la seguridad y salud de sus empleados, la calidad de vida de las comunidades vecinas y el respeto por los Derechos Humanos. Es operador de los campos Ca\u00f1o Lim\u00f3n y Caricare, en el departamento de Arauca.<\/p>\n","protected":false},"excerpt":{"rendered":"<p>Arauquita, 27 marzo de 2025. En un evento que cont\u00f3 con la presencia de la Viceministra de Educaci\u00f3n Preescolar, B\u00e1sica y Media, Dra. Gloria Mercedes Carrasco, el director de la Agencia de Renovaci\u00f3n del Territorio (ART), Dr. Ra\u00fal Delgado, el secretario de Educaci\u00f3n Departamental, Dr. Ariel Pedraza y el Alcalde de Arauquita Dr. Luis Fernando&#8230;<\/p>\n","protected":false},"author":5,"featured_media":14014,"comment_status":"closed","ping_status":"closed","sticky":false,"template":"","format":"standard","meta":{"_FSMCFIC_featured_image_caption":"","_FSMCFIC_featured_image_nocaption":"","_FSMCFIC_featured_image_hide":"","footnotes":""},"categories":[22],"tags":[],"class_list":["post-14012","post","type-post","status-publish","format-standard","has-post-thumbnail","hentry","category-el_resto"],"_links":{"self":[{"href":"https:\/\/economiaconedmer.com\/economiaenserio\/wp-json\/wp\/v2\/posts\/14012","targetHints":{"allow":["GET"]}}],"collection":[{"href":"https:\/\/economiaconedmer.com\/economiaenserio\/wp-json\/wp\/v2\/posts"}],"about":[{"href":"https:\/\/economiaconedmer.com\/economiaenserio\/wp-json\/wp\/v2\/types\/post"}],"author":[{"embeddable":true,"href":"https:\/\/economiaconedmer.com\/economiaenserio\/wp-json\/wp\/v2\/users\/5"}],"replies":[{"embeddable":true,"href":"https:\/\/economiaconedmer.com\/economiaenserio\/wp-json\/wp\/v2\/comments?post=14012"}],"version-history":[{"count":4,"href":"https:\/\/economiaconedmer.com\/economiaenserio\/wp-json\/wp\/v2\/posts\/14012\/revisions"}],"predecessor-version":[{"id":14019,"href":"https:\/\/economiaconedmer.com\/economiaenserio\/wp-json\/wp\/v2\/posts\/14012\/revisions\/14019"}],"wp:featuredmedia":[{"embeddable":true,"href":"https:\/\/economiaconedmer.com\/economiaenserio\/wp-json\/wp\/v2\/media\/14014"}],"wp:attachment":[{"href":"https:\/\/economiaconedmer.com\/economiaenserio\/wp-json\/wp\/v2\/media?parent=14012"}],"wp:term":[{"taxonomy":"category","embeddable":true,"href":"https:\/\/economiaconedmer.com\/economiaenserio\/wp-json\/wp\/v2\/categories?post=14012"},{"taxonomy":"post_tag","embeddable":true,"href":"https:\/\/economiaconedmer.com\/economiaenserio\/wp-json\/wp\/v2\/tags?post=14012"}],"curies":[{"name":"wp","href":"https:\/\/api.w.org\/{rel}","templated":true}]}}