{"id":14003,"date":"2025-03-27T18:16:49","date_gmt":"2025-03-27T23:16:49","guid":{"rendered":"https:\/\/economiaconedmer.com\/economiaenserio\/?p=14003"},"modified":"2025-03-28T06:18:16","modified_gmt":"2025-03-28T11:18:16","slug":"colombia-envejece-casi-el-15-de-la-poblacion-es-adulta-mayor","status":"publish","type":"post","link":"https:\/\/economiaconedmer.com\/economiaenserio\/03\/27\/colombia-envejece-casi-el-15-de-la-poblacion-es-adulta-mayor\/el_bolsillo\/2025\/","title":{"rendered":"Colombia envejece: casi el 15% de la poblaci\u00f3n es adulta mayor"},"content":{"rendered":"\n<p><strong>Bogot\u00e1, marzo 27 2025.\u00a0<\/strong>El envejecimiento poblacional es una de las transformaciones demogr\u00e1ficas m\u00e1s importantes de la sociedad. Se estima que, para el a\u00f1o 2030, una de cada seis personas en el mundo tendr\u00e1 60 a\u00f1os o m\u00e1s, lo que significa que este grupo poblacional habr\u00e1 pasado de 1.000 millones de personas en el 2020 a 1.400 millones; cifra que se duplicar\u00eda para el 2050 (2.100 millones), de acuerdo con la Organizaci\u00f3n Mundial de la Salud (OMS). En Colombia, se calcula que existen m\u00e1s de 7,6 millones de adultos mayores, lo que representa el 14,5 % del total de la poblaci\u00f3n, seg\u00fan el Departamento Administrativo Nacional de Estad\u00edstica (DANE).<\/p>\n\n\n\n<p>Esto ha llevado a que las personas mayores de 60 a\u00f1os disfruten de una vida cada vez m\u00e1s activa,&nbsp;transformando la percepci\u00f3n de esta etapa y desafiando los estereotipos sobre la forma de ver y asumir la vejez. De hecho, ha ido tomando popularidad el concepto \u2018<strong>Sexalescencia<\/strong>\u2019, un t\u00e9rmino que describe a los adultos mayores que han redefinido el envejecimiento incorporando elementos como el autodescubrimiento, la vitalidad, la reinvenci\u00f3n personal y el entusiasmo. Se trata de personas activas, que contin\u00faan participando de actividades f\u00edsicas y sociales, aprovechan las tecnolog\u00edas a su favor y son conscientes de la importancia de promover y mantener su vitalidad.<\/p>\n\n\n\n<p>\u201c<em>Hay una nueva longevidad explicada por diferentes factores. Los adultos mayores son hoy m\u00e1s dados al autocuidado y quieren conocer sobre c\u00f3mo vivir mejor y ponerlo en pr\u00e1ctica. A la par, encontramos una mayor oferta y acceso a actividades f\u00edsicas, cognitivas, sociales y educativas que les ayudan a sentirse cada vez m\u00e1s aut\u00f3nomos e independientes para cumplir sus proyectos de vida. Esto, adem\u00e1s, disminuye algunas de sus aflicciones comunes como las enfermedades, los estados de soledad, el aislamiento e incluso los problemas de sue\u00f1o. Las relaciones sociales son fundamentales en su bienestar f\u00edsico y emocional<\/em>\u201d, asegura\u00a0Andrea Romero,\u00a0coordinadora de los programas de Persona Mayor en Compensar.<\/p>\n\n\n\n<p>No obstante, y seg\u00fan la experta, a\u00fan persisten diferentes retos para que este grupo poblacional tenga una vejez activa. Por ejemplo, la generaci\u00f3n de h\u00e1bitos saludables respecto a la actividad f\u00edsica y la alimentaci\u00f3n adecuada, y las barreras que pueden existir en materia de infraestructura y movilidad en los espacios p\u00fablicos del pa\u00eds. Asimismo, es importante promover una cultura de participaci\u00f3n para que los adultos mayores cuenten con entornos y espacios favorables donde puedan desarrollarse, construyendo relaciones sociales, haciendo nuevas conexiones y realizando diversas actividades como caminatas, ejercicios de estiramiento y movilidad, cursos de formaci\u00f3n en \u00e1reas de inter\u00e9s, y\/o voluntariados para desarrollar habilidades y contribuir a la sociedad.<\/p>\n\n\n\n<p><strong>Infraestructura para adultos mayores<\/strong><\/p>\n\n\n\n<p>Con el objetivo de promover la vejez activa y el bienestar integral de los adultos mayores en el pa\u00eds, en marzo de 2024, Compensar, anunci\u00f3 la apertura de una nueva sede en la Carrera 60, enfocada en esta poblaci\u00f3n para fortalecer sus componentes ocupacionales, mentales, sociales y f\u00edsicos. Durante su primer a\u00f1o de operaci\u00f3n, el Centro de Bienestar Integral Cra 60, atendi\u00f3 a 27.350 personas entre ellas 4.596 adultos mayores, quienes, a partir de diferentes programas han podido trabajar de manera integral en todos los aspectos que contribuyen a su bienestar y mantenimiento de su calidad de vida.<\/p>\n\n\n\n<p><em>\u201cLa sede cuenta con escenarios especializados y de preferencia de los mayores como la sala de estimulaci\u00f3n multisensorial, la huerta urbana, la piscina y su spa relajante, as\u00ed como las salas de lectura, relajaci\u00f3n, m\u00fasica, arte y juegos, entre otros. Este a\u00f1o vimos que son cada vez m\u00e1s los mayores que quieren conocer los servicios a trav\u00e9s de un pasad\u00eda y terminan adquiriendo servicios de largo plazo, pues encuentran justo lo que buscaban. De all\u00ed que los planes preferidos han sido las membres\u00edas semestrales\u201d, comenta Romero.<\/em><\/p>\n\n\n\n<p>Cabe destacar que, esta sede cuenta con un equipo interdisciplinario que asiste y orienta a la poblaci\u00f3n mayor, no solo facilitando el acceso a cada una de las actividades, sino tambi\u00e9n asesor\u00e1ndolos sobre su conveniencia y beneficios, teniendo en cuenta que muchas de ellas tienen un impacto positivo en aspectos como la memoria, la regulaci\u00f3n emocional, la coordinaci\u00f3n y, en general, la salud f\u00edsica y cognitiva de las personas en esta etapa de vida.<\/p>\n\n\n\n<p>Por \u00faltimo, en el Centro de Bienestar Carrera 60, tambi\u00e9n las familias disfrutan de espacios como el gimnasio, clases grupales, piscina, actividades culturales, de formaci\u00f3n, entre otros. Desde su apertura, se realizaron 3.361 cursos con un total de 53.478 asistentes. Adem\u00e1s, hubo un total de 434.573 usos de los servicios de recreaci\u00f3n, educaci\u00f3n y deporte. En salud, m\u00e1s de 93 mil personas con patolog\u00edas de mediana y alta complejidad recibieron atenci\u00f3n en 22 especialidades m\u00e9dicas.<\/p>\n\n\n\n<p><\/p>\n","protected":false},"excerpt":{"rendered":"<p>Bogot\u00e1, marzo 27 2025.\u00a0El envejecimiento poblacional es una de las transformaciones demogr\u00e1ficas m\u00e1s importantes de la sociedad. Se estima que, para el a\u00f1o 2030, una de cada seis personas en el mundo tendr\u00e1 60 a\u00f1os o m\u00e1s, lo que significa que este grupo poblacional habr\u00e1 pasado de 1.000 millones de personas en el 2020 a&#8230;<\/p>\n","protected":false},"author":5,"featured_media":14018,"comment_status":"closed","ping_status":"closed","sticky":false,"template":"","format":"standard","meta":{"_FSMCFIC_featured_image_caption":"","_FSMCFIC_featured_image_nocaption":"","_FSMCFIC_featured_image_hide":"","footnotes":""},"categories":[2],"tags":[],"class_list":["post-14003","post","type-post","status-publish","format-standard","has-post-thumbnail","hentry","category-el_bolsillo"],"_links":{"self":[{"href":"https:\/\/economiaconedmer.com\/economiaenserio\/wp-json\/wp\/v2\/posts\/14003","targetHints":{"allow":["GET"]}}],"collection":[{"href":"https:\/\/economiaconedmer.com\/economiaenserio\/wp-json\/wp\/v2\/posts"}],"about":[{"href":"https:\/\/economiaconedmer.com\/economiaenserio\/wp-json\/wp\/v2\/types\/post"}],"author":[{"embeddable":true,"href":"https:\/\/economiaconedmer.com\/economiaenserio\/wp-json\/wp\/v2\/users\/5"}],"replies":[{"embeddable":true,"href":"https:\/\/economiaconedmer.com\/economiaenserio\/wp-json\/wp\/v2\/comments?post=14003"}],"version-history":[{"count":2,"href":"https:\/\/economiaconedmer.com\/economiaenserio\/wp-json\/wp\/v2\/posts\/14003\/revisions"}],"predecessor-version":[{"id":14007,"href":"https:\/\/economiaconedmer.com\/economiaenserio\/wp-json\/wp\/v2\/posts\/14003\/revisions\/14007"}],"wp:featuredmedia":[{"embeddable":true,"href":"https:\/\/economiaconedmer.com\/economiaenserio\/wp-json\/wp\/v2\/media\/14018"}],"wp:attachment":[{"href":"https:\/\/economiaconedmer.com\/economiaenserio\/wp-json\/wp\/v2\/media?parent=14003"}],"wp:term":[{"taxonomy":"category","embeddable":true,"href":"https:\/\/economiaconedmer.com\/economiaenserio\/wp-json\/wp\/v2\/categories?post=14003"},{"taxonomy":"post_tag","embeddable":true,"href":"https:\/\/economiaconedmer.com\/economiaenserio\/wp-json\/wp\/v2\/tags?post=14003"}],"curies":[{"name":"wp","href":"https:\/\/api.w.org\/{rel}","templated":true}]}}