{"id":13967,"date":"2025-03-27T06:38:42","date_gmt":"2025-03-27T11:38:42","guid":{"rendered":"https:\/\/economiaconedmer.com\/economiaenserio\/?p=13967"},"modified":"2025-03-27T06:38:42","modified_gmt":"2025-03-27T11:38:42","slug":"plataforma-gratuita-para-fortalecer-el-crecimiento-y-la-sostenibilidad","status":"publish","type":"post","link":"https:\/\/economiaconedmer.com\/economiaenserio\/03\/27\/plataforma-gratuita-para-fortalecer-el-crecimiento-y-la-sostenibilidad\/digital\/2025\/","title":{"rendered":"Plataforma gratuita para fortalecer el crecimiento y la sostenibilidad"},"content":{"rendered":"\n<p><strong>Colombia, 26 de marzo de 2025.&nbsp;<\/strong>Este ha sido un a\u00f1o decisivo para el sector social del pa\u00eds, marcado por una encrucijada de desaf\u00edos sin precedentes. Ante un panorama global agitado por tensiones pol\u00edticas y econ\u00f3micas, y con transformaciones significativas en los esquemas de cooperaci\u00f3n y financiamiento internacional, las organizaciones sociales se ven llamadas a una profunda reinvenci\u00f3n: repensar sus estrategias, diversificar sus fuentes de ingreso y robustecer su capacidad operativa se convierten en imperativos para garantizar su sostenibilidad a largo plazo.&nbsp;<\/p>\n\n\n\n<p>Ante esta necesidad,&nbsp;<strong>Compartamos con Colombia<\/strong>, con el apoyo de la&nbsp;<strong>Fundaci\u00f3n Ford<\/strong>, lanza una plataforma digital gratuita que brinda herramientas esenciales para la administraci\u00f3n eficiente y sostenible de organizaciones sociales. Esta iniciativa, desarrollada en el marco del programa&nbsp;<strong>Enlaza Sur<\/strong>, busca fortalecer a las entidades de la sociedad civil y de base comunitaria, que en los \u00faltimos a\u00f1os han visto limitadas sus fuentes de financiamiento debido al cierre de espacios c\u00edvicos y la crisis econ\u00f3mica.<\/p>\n\n\n\n<p>La nueva herramienta digital pone a disposici\u00f3n material educativo clave para impulsar la gesti\u00f3n y operaci\u00f3n de las iniciativas del sector social, con gu\u00edas pr\u00e1cticas, herramientas de planificaci\u00f3n y estrategias de gesti\u00f3n para ayudar a las organizaciones a mejorar su administraci\u00f3n, sostenibilidad financiera y eficiencia operativa.<\/p>\n\n\n\n<p><em>\u201cLa coyuntura actual exige que las organizaciones sociales adopten modelos de gesti\u00f3n m\u00e1s sostenibles y eficientes. En la nueva plataforma brindamos un amplia gama de herramientas pr\u00e1cticas y de f\u00e1cil acceso para que puedan seguir cumpliendo su misi\u00f3n con impacto y estabilidad\u201d<\/em>, afirm\u00f3 Nicol\u00e1s Salcedo, director ejecutivo de Compartamos Con Colombia.<\/p>\n\n\n\n<h2 class=\"wp-block-heading\">\u00bfQu\u00e9 ofrece la nueva plataforma?<\/h2>\n\n\n\n<p>Para una Entidad Sin \u00c1nimo de Lucro (ESAL), depender exclusivamente de una \u00fanica fuente de financiaci\u00f3n es un riesgo que puede comprometer su sostenibilidad y, en consecuencia, su impacto en las comunidades. Por ello, la herramienta digital pone a disposici\u00f3n material educativo, gu\u00edas de planificaci\u00f3n y estrategias enfocadas en gesti\u00f3n financiera y presupuestal; eficiencia operativa y organizacional, y de cumplimiento legal y normativo; dise\u00f1adas para mejorar la administraci\u00f3n y sostenibilidad financiera. Algunas de las principales \u00e1reas de apoyo incluyen:<\/p>\n\n\n\n<ul class=\"wp-block-list\">\n<li><strong>Gu\u00eda para hacer un presupuesto eficiente:<\/strong> Un paso a paso detallado para estructurar y gestionar presupuestos que garanticen estabilidad y control financiero.<\/li>\n\n\n\n<li><strong>Buenas pr\u00e1cticas financieras<\/strong>: Estrategias para diversificar ingresos, optimizar recursos y fortalecer la transparencia y rendici\u00f3n de cuentas.<\/li>\n\n\n\n<li><strong>Eficiencia organizacional:<\/strong> Principios fundamentales para mejorar la gesti\u00f3n del tiempo, la comunicaci\u00f3n interna y la estructura de procesos.<\/li>\n<\/ul>\n\n\n\n<p>Las ESAL interesadas en mayor informaci\u00f3n y acceso gratuito a la plataforma, pueden visitar&nbsp;<a rel=\"noreferrer noopener\" target=\"_blank\" href=\"https:\/\/compartamos.org\/registro-de-descarga\/?redirect_to=%2Frecursos%2F\">este enlace<\/a>&nbsp;e iniciar&nbsp;<\/p>\n\n\n\n<p><\/p>\n","protected":false},"excerpt":{"rendered":"<p>Colombia, 26 de marzo de 2025.&nbsp;Este ha sido un a\u00f1o decisivo para el sector social del pa\u00eds, marcado por una encrucijada de desaf\u00edos sin precedentes. Ante un panorama global agitado por tensiones pol\u00edticas y econ\u00f3micas, y con transformaciones significativas en los esquemas de cooperaci\u00f3n y financiamiento internacional, las organizaciones sociales se ven llamadas a una&#8230;<\/p>\n","protected":false},"author":5,"featured_media":0,"comment_status":"closed","ping_status":"closed","sticky":false,"template":"","format":"standard","meta":{"_FSMCFIC_featured_image_caption":"","_FSMCFIC_featured_image_nocaption":"","_FSMCFIC_featured_image_hide":"","footnotes":""},"categories":[5],"tags":[],"class_list":["post-13967","post","type-post","status-publish","format-standard","hentry","category-digital"],"_links":{"self":[{"href":"https:\/\/economiaconedmer.com\/economiaenserio\/wp-json\/wp\/v2\/posts\/13967","targetHints":{"allow":["GET"]}}],"collection":[{"href":"https:\/\/economiaconedmer.com\/economiaenserio\/wp-json\/wp\/v2\/posts"}],"about":[{"href":"https:\/\/economiaconedmer.com\/economiaenserio\/wp-json\/wp\/v2\/types\/post"}],"author":[{"embeddable":true,"href":"https:\/\/economiaconedmer.com\/economiaenserio\/wp-json\/wp\/v2\/users\/5"}],"replies":[{"embeddable":true,"href":"https:\/\/economiaconedmer.com\/economiaenserio\/wp-json\/wp\/v2\/comments?post=13967"}],"version-history":[{"count":1,"href":"https:\/\/economiaconedmer.com\/economiaenserio\/wp-json\/wp\/v2\/posts\/13967\/revisions"}],"predecessor-version":[{"id":13968,"href":"https:\/\/economiaconedmer.com\/economiaenserio\/wp-json\/wp\/v2\/posts\/13967\/revisions\/13968"}],"wp:attachment":[{"href":"https:\/\/economiaconedmer.com\/economiaenserio\/wp-json\/wp\/v2\/media?parent=13967"}],"wp:term":[{"taxonomy":"category","embeddable":true,"href":"https:\/\/economiaconedmer.com\/economiaenserio\/wp-json\/wp\/v2\/categories?post=13967"},{"taxonomy":"post_tag","embeddable":true,"href":"https:\/\/economiaconedmer.com\/economiaenserio\/wp-json\/wp\/v2\/tags?post=13967"}],"curies":[{"name":"wp","href":"https:\/\/api.w.org\/{rel}","templated":true}]}}