{"id":13948,"date":"2025-03-24T21:59:45","date_gmt":"2025-03-25T02:59:45","guid":{"rendered":"https:\/\/economiaconedmer.com\/economiaenserio\/?p=13948"},"modified":"2025-03-24T22:01:17","modified_gmt":"2025-03-25T03:01:17","slug":"el-cuidado-virtud-clave-para-el-desarrollo-humano","status":"publish","type":"post","link":"https:\/\/economiaconedmer.com\/economiaenserio\/03\/24\/el-cuidado-virtud-clave-para-el-desarrollo-humano\/destacados\/2025\/","title":{"rendered":"El cuidado, virtud clave para el desarrollo humano"},"content":{"rendered":"\n<p><strong>Bogot\u00e1, marzo 20 de 2025.<\/strong> El cuidado fue presentado como una virtud fundamental para el desarrollo humano, permitiendo a las personas vivir, crecer y conectar con los dem\u00e1s. A su vez, la compasi\u00f3n se abord\u00f3 como un valor clave que impulsa a tratar a los dem\u00e1s con empat\u00eda, especialmente en momentos de vulnerabilidad, como en la enfermedad o la dependencia.<\/p>\n\n\n\n<p>Esa fue una de las conclusiones del\u00a0<strong>Segundo Congreso del Cuidado y la Compasi\u00f3n Humana<\/strong>, un evento que tuvo como objetivo reflexionar sobre la importancia del cuidado y la compasi\u00f3n como principios esenciales en la vida humana, realizado por la Universidad Pontificia Bolivariana.<\/p>\n\n\n\n<p><strong>El padre Carlos Alberto Monsalve Salinas<\/strong>, vicerrector pastoral de la UPB, destac\u00f3 que: \u201cEl cuidado y la compasi\u00f3n no son solo conceptos abstractos, sino que deben convertirse en pr\u00e1cticas diarias que mejoren nuestras relaciones humanas. Este Congreso ofreci\u00f3 una valiosa oportunidad para reflexionar sobre c\u00f3mo podemos hacer de estos valores un motor para el bienestar colectivo\u201d.<\/p>\n\n\n\n<p>As\u00ed mismo,&nbsp;<strong>Omar Mu\u00f1oz S\u00e1nchez<\/strong>, decano de la Escuela de Ciencias Sociales de la UPB, coment\u00f3 que: \u201cEs fundamental que todos comprendamos que el cuidado no solo es un acto de solidaridad, sino una herramienta poderosa para mejorar la calidad de vida, tanto a nivel individual como social\u201d.<\/p>\n\n\n\n<p>El Congreso tambi\u00e9n abord\u00f3 el&nbsp;<strong>cuidado integral<\/strong>&nbsp;desde varias perspectivas, incluyendo la filosof\u00eda, la sociolog\u00eda, la teolog\u00eda y la espiritualidad con tem\u00e1ticas como: Cuidar es vivir en movimiento, \u00bfPor qu\u00e9 formarse para el cuidado de la persona&nbsp;mayor?, Creando entornos de cuidado compasivo para ni\u00f1os, ni\u00f1as y adolescentes con&nbsp;discapacidad y Atenci\u00f3n digna y compasiva desde el cuidador hasta la persona sujeta&nbsp;de&nbsp;cuidado.<\/p>\n\n\n\n<p>Estas disciplinas permiten una comprensi\u00f3n m\u00e1s amplia del cuidado humano y su impacto en la felicidad y el bienestar general.&nbsp;<strong>Francy Edith L\u00f3pez<\/strong>, docente investigadora de la Facultad de Enfermer\u00eda de la UPB, se\u00f1al\u00f3 que: \u201cUn abordaje hol\u00edstico del cuidado nos permite entender mejor c\u00f3mo la compasi\u00f3n no solo beneficia al que recibe el cuidado, sino que tambi\u00e9n transforma al que lo ofrece, creando un ciclo virtuoso de bienestar y crecimiento\u201d.<\/p>\n\n\n\n<p>Adem\u00e1s, se resalt\u00f3 la importancia de promover una cultura de&nbsp;<strong>cuidado y compasi\u00f3n<\/strong>&nbsp;en todos los entornos de la vida diaria: en la familia, las instituciones educativas, los lugares de trabajo y en la comunidad. Fomentar esta cultura no solo mejora la calidad de vida de las personas, sino que tambi\u00e9n contribuye a una sociedad m\u00e1s justa y equitativa.<\/p>\n\n\n\n<p>En este Congreso se cont\u00f3 con la participaci\u00f3n de empresas, organizaciones y entidades destacadas en el medio como lo son: Comfama, Cruz Roja de Antioquia, Instituto de Coloproctolog\u00eda (ICO), Hern\u00e1n Ocazionez, Tena, Enfermeros de tu mano, Asociaci\u00f3n de Cuidados Paliativos de Colombia, Asociaci\u00f3n Colombiana de Gerontolog\u00eda, Alcald\u00eda de Medell\u00edn, Gobernaci\u00f3n de Antioquia, Fundaci\u00f3n C\u00e1ncer de Piel Colombia, El Comit\u00e9 de Rehabilitaci\u00f3n, Campos de Paz, IPS Presentes, Corporaci\u00f3n Interuniversitaria de Servicios (CIS), Organizaci\u00f3n Santa Luc\u00eda, Doctux y Fundaci\u00f3n Rodrigo Arroyave.<\/p>\n","protected":false},"excerpt":{"rendered":"<p>Bogot\u00e1, marzo 20 de 2025. El cuidado fue presentado como una virtud fundamental para el desarrollo humano, permitiendo a las personas vivir, crecer y conectar con los dem\u00e1s. A su vez, la compasi\u00f3n se abord\u00f3 como un valor clave que impulsa a tratar a los dem\u00e1s con empat\u00eda, especialmente en momentos de vulnerabilidad, como en&#8230;<\/p>\n","protected":false},"author":5,"featured_media":13950,"comment_status":"closed","ping_status":"closed","sticky":false,"template":"","format":"standard","meta":{"_FSMCFIC_featured_image_caption":"","_FSMCFIC_featured_image_nocaption":"","_FSMCFIC_featured_image_hide":"","footnotes":""},"categories":[21],"tags":[],"class_list":["post-13948","post","type-post","status-publish","format-standard","has-post-thumbnail","hentry","category-destacados"],"_links":{"self":[{"href":"https:\/\/economiaconedmer.com\/economiaenserio\/wp-json\/wp\/v2\/posts\/13948","targetHints":{"allow":["GET"]}}],"collection":[{"href":"https:\/\/economiaconedmer.com\/economiaenserio\/wp-json\/wp\/v2\/posts"}],"about":[{"href":"https:\/\/economiaconedmer.com\/economiaenserio\/wp-json\/wp\/v2\/types\/post"}],"author":[{"embeddable":true,"href":"https:\/\/economiaconedmer.com\/economiaenserio\/wp-json\/wp\/v2\/users\/5"}],"replies":[{"embeddable":true,"href":"https:\/\/economiaconedmer.com\/economiaenserio\/wp-json\/wp\/v2\/comments?post=13948"}],"version-history":[{"count":1,"href":"https:\/\/economiaconedmer.com\/economiaenserio\/wp-json\/wp\/v2\/posts\/13948\/revisions"}],"predecessor-version":[{"id":13949,"href":"https:\/\/economiaconedmer.com\/economiaenserio\/wp-json\/wp\/v2\/posts\/13948\/revisions\/13949"}],"wp:featuredmedia":[{"embeddable":true,"href":"https:\/\/economiaconedmer.com\/economiaenserio\/wp-json\/wp\/v2\/media\/13950"}],"wp:attachment":[{"href":"https:\/\/economiaconedmer.com\/economiaenserio\/wp-json\/wp\/v2\/media?parent=13948"}],"wp:term":[{"taxonomy":"category","embeddable":true,"href":"https:\/\/economiaconedmer.com\/economiaenserio\/wp-json\/wp\/v2\/categories?post=13948"},{"taxonomy":"post_tag","embeddable":true,"href":"https:\/\/economiaconedmer.com\/economiaenserio\/wp-json\/wp\/v2\/tags?post=13948"}],"curies":[{"name":"wp","href":"https:\/\/api.w.org\/{rel}","templated":true}]}}