{"id":13942,"date":"2025-03-24T08:01:56","date_gmt":"2025-03-24T13:01:56","guid":{"rendered":"https:\/\/economiaconedmer.com\/economiaenserio\/?p=13942"},"modified":"2025-03-24T08:03:53","modified_gmt":"2025-03-24T13:03:53","slug":"proantioquia-celebra-50-anos","status":"publish","type":"post","link":"https:\/\/economiaconedmer.com\/economiaenserio\/03\/24\/proantioquia-celebra-50-anos\/destacados\/2025\/","title":{"rendered":"Proantioquia celebra 50 a\u00f1os"},"content":{"rendered":"\n<p>Los 50 a\u00f1os de Proantioquia se celebraron en los talleres del Metro de Medell\u00edn, como un s\u00edmbolo de la incidencia de la Instituci\u00f3n en grandes iniciativas de nuestra sociedad, con la presencia de representantes del sector p\u00fablico, empresarios afiliados y aliados, congresistas, concejales, exgobernantes de Antioquia, el alcalde de Medell\u00edn, Federico Guti\u00e9rrez, el gobernador de Antioquia, Andr\u00e9s Juli\u00e1n Rend\u00f3n, el jefe de la Misi\u00f3n de Verificaci\u00f3n de la ONU en Colombia, Carlos Ruiz Massieu; el Procurador General de la Naci\u00f3n, Gregorio Eljach y el presidente del Congreso de La Rep\u00fablica, Efra\u00edn Cepeda, entre otras personalidades.<\/p>\n\n\n\n<p>Esta celebraci\u00f3n tuvo varios momentos: un reconocimiento a los fundadores de Proantioquia y los principios que dieron origen a esta instituci\u00f3n y a\u00fan permanecen; un recorrido por los principales logros de la organizaci\u00f3n y la declaraci\u00f3n de un futuro promisorio, con los anhelos de Antioquia relacionados con proyectos de desarrollo alrededor del turismo, la regi\u00f3n aeroportuaria y el Urab\u00e1, para los que Proantioquia pondr\u00e1 su capacidad institucional con el prop\u00f3sito de hacerlos realidad.<\/p>\n\n\n\n<p>En su intervenci\u00f3n ante los asistentes al evento, Mar\u00eda Bibiana Botero, presidenta ejecutiva de Proantioquia, record\u00f3 la importancia del trabajo de la empresa privada para la creaci\u00f3n de valor p\u00fablico. Al respecto resalt\u00f3: \u201clos logros que hemos alcanzados solo han sido posible trabajando juntos. Porque la verdad es esta: ni el sector p\u00fablico puede solo ni el sector privado puede solo. Lo p\u00fablico no es solo de quienes ejercen un cargo p\u00fablico, es en efecto el mayor reto colectivo. Y por eso, Proantioquia se declara, con convicci\u00f3n, como un actor que aporta a lo p\u00fablico desde lo privado\u201d.<\/p>\n\n\n\n<p>Uno de los momentos m\u00e1s emotivos de esta celebraci\u00f3n fue la entrega a los firmantes de paz de las escrituras del predio Taparales, un laboratorio de paz en el que 68 firmantes y miembros de la Cooperativa Agroprogreso desarrollan proyectos productivos con el acompa\u00f1amiento de diferentes aliados p\u00fablicos y privados. Esta entrega cont\u00f3 con la participaci\u00f3n de empresarios antioque\u00f1os, de los representantes de la Cooperativa Agroprogreso Fancy Orrego y Luis Norbey Caicedo y del jefe de la Misi\u00f3n de Verificaci\u00f3n de la ONU, Carlos Ruiz Massieu.<\/p>\n\n\n\n<p>Acerca de la situaci\u00f3n actual del pa\u00eds, Mar\u00eda Bibiana Botero afirm\u00f3 que \u201choy celebramos este aniversario en medio de una incertidumbre que nos reta. La fractura institucional que sufre el pa\u00eds es profunda. Tenemos un gobierno de mon\u00f3logos que evita la interlocuci\u00f3n con el sector privado&#8230; por eso, hoy m\u00e1s que nunca, es fundamental que todas las voces sean escuchadas. Que las ideas y soluciones que el sector privado tiene para aportar a lo p\u00fablico se hagan visibles, es momento de amplificar nuestra voz. Debemos cuidar a las empresas que han cuidado de Antioquia y de Colombia\u201d.<\/p>\n\n\n\n<p>Proantioquia&nbsp; reafirma su compromiso con el cuidado de lo p\u00fablico y la construcci\u00f3n de alianzas intersectoriales en la b\u00fasqueda de soluciones a los problemas p\u00fablicos de nuestra sociedad. Su crecimiento en n\u00famero de afiliados, el liderazgo que ejerce en la RedPro , un conjunto de organizaciones privadas que tambi\u00e9n trabajan en temas similares desde otras regiones de Colombia, y el aumento de su incidencia nacional en temas estrat\u00e9gicos, son algunos ejemplos de que esta instituci\u00f3n est\u00e1 lista para 50 a\u00f1os m\u00e1s de vida.<\/p>\n\n\n\n<p><\/p>\n","protected":false},"excerpt":{"rendered":"<p>Los 50 a\u00f1os de Proantioquia se celebraron en los talleres del Metro de Medell\u00edn, como un s\u00edmbolo de la incidencia de la Instituci\u00f3n en grandes iniciativas de nuestra sociedad, con la presencia de representantes del sector p\u00fablico, empresarios afiliados y aliados, congresistas, concejales, exgobernantes de Antioquia, el alcalde de Medell\u00edn, Federico Guti\u00e9rrez, el gobernador de&#8230;<\/p>\n","protected":false},"author":5,"featured_media":13944,"comment_status":"closed","ping_status":"closed","sticky":false,"template":"","format":"standard","meta":{"_FSMCFIC_featured_image_caption":"","_FSMCFIC_featured_image_nocaption":"","_FSMCFIC_featured_image_hide":"","footnotes":""},"categories":[21],"tags":[],"class_list":["post-13942","post","type-post","status-publish","format-standard","has-post-thumbnail","hentry","category-destacados"],"_links":{"self":[{"href":"https:\/\/economiaconedmer.com\/economiaenserio\/wp-json\/wp\/v2\/posts\/13942","targetHints":{"allow":["GET"]}}],"collection":[{"href":"https:\/\/economiaconedmer.com\/economiaenserio\/wp-json\/wp\/v2\/posts"}],"about":[{"href":"https:\/\/economiaconedmer.com\/economiaenserio\/wp-json\/wp\/v2\/types\/post"}],"author":[{"embeddable":true,"href":"https:\/\/economiaconedmer.com\/economiaenserio\/wp-json\/wp\/v2\/users\/5"}],"replies":[{"embeddable":true,"href":"https:\/\/economiaconedmer.com\/economiaenserio\/wp-json\/wp\/v2\/comments?post=13942"}],"version-history":[{"count":1,"href":"https:\/\/economiaconedmer.com\/economiaenserio\/wp-json\/wp\/v2\/posts\/13942\/revisions"}],"predecessor-version":[{"id":13943,"href":"https:\/\/economiaconedmer.com\/economiaenserio\/wp-json\/wp\/v2\/posts\/13942\/revisions\/13943"}],"wp:featuredmedia":[{"embeddable":true,"href":"https:\/\/economiaconedmer.com\/economiaenserio\/wp-json\/wp\/v2\/media\/13944"}],"wp:attachment":[{"href":"https:\/\/economiaconedmer.com\/economiaenserio\/wp-json\/wp\/v2\/media?parent=13942"}],"wp:term":[{"taxonomy":"category","embeddable":true,"href":"https:\/\/economiaconedmer.com\/economiaenserio\/wp-json\/wp\/v2\/categories?post=13942"},{"taxonomy":"post_tag","embeddable":true,"href":"https:\/\/economiaconedmer.com\/economiaenserio\/wp-json\/wp\/v2\/tags?post=13942"}],"curies":[{"name":"wp","href":"https:\/\/api.w.org\/{rel}","templated":true}]}}