{"id":13471,"date":"2025-02-23T19:35:47","date_gmt":"2025-02-24T00:35:47","guid":{"rendered":"https:\/\/economiaconedmer.com\/economiaenserio\/?p=13471"},"modified":"2025-02-28T17:17:53","modified_gmt":"2025-02-28T22:17:53","slug":"analdex-le-pide-mesura-al-gobierno-en-el-tema-del-tlc-con-ee-uu","status":"publish","type":"post","link":"https:\/\/economiaconedmer.com\/economiaenserio\/02\/23\/analdex-le-pide-mesura-al-gobierno-en-el-tema-del-tlc-con-ee-uu\/corticas\/2025\/","title":{"rendered":"Analdex le pide mesura al Gobierno en el tema del TLC con EE.UU."},"content":{"rendered":"\n<p>Javier D\u00edaz Molina, presidente ejecutivo de Analdex, dijo que Colombia debe seguir guardando mesura frente a la relaci\u00f3n comercial bilateral con Estados Unidos, porque ya vimos lo que sucedi\u00f3 a finales de enero. No es serio poner en riesgo nuestras ventas con nuestro principal socio comercial, donde exportamos cerca de US$14.000 millones anuales. Se habla de reemplazar las importaciones de ma\u00edz de este origen, pero no somos competitivos en esta materia. Adem\u00e1s, el balance del TLC no puede hacerse \u00fanicamente por la balanza comercial. Las importaciones que hacemos de EE. UU. son necesarias porque no las producimos o lo hacemos en cantidad insuficiente. Si no las traemos de all\u00ed las tenemos que adquirir en otros pa\u00edses. Las exportaciones que hacemos a EE. UU. no las podemos dirigir f\u00e1cilmente a otros destinos\u201d.<\/p>\n","protected":false},"excerpt":{"rendered":"<p>Javier D\u00edaz Molina, presidente ejecutivo de Analdex, dijo que Colombia debe seguir guardando mesura frente a la relaci\u00f3n comercial bilateral con Estados Unidos, porque ya vimos lo que sucedi\u00f3 a finales de enero. No es serio poner en riesgo nuestras ventas con nuestro principal socio comercial, donde exportamos cerca de US$14.000 millones anuales. Se habla&#8230;<\/p>\n","protected":false},"author":5,"featured_media":13566,"comment_status":"closed","ping_status":"closed","sticky":false,"template":"","format":"standard","meta":{"_FSMCFIC_featured_image_caption":"","_FSMCFIC_featured_image_nocaption":"","_FSMCFIC_featured_image_hide":"","footnotes":""},"categories":[23],"tags":[],"class_list":["post-13471","post","type-post","status-publish","format-standard","has-post-thumbnail","hentry","category-corticas"],"_links":{"self":[{"href":"https:\/\/economiaconedmer.com\/economiaenserio\/wp-json\/wp\/v2\/posts\/13471","targetHints":{"allow":["GET"]}}],"collection":[{"href":"https:\/\/economiaconedmer.com\/economiaenserio\/wp-json\/wp\/v2\/posts"}],"about":[{"href":"https:\/\/economiaconedmer.com\/economiaenserio\/wp-json\/wp\/v2\/types\/post"}],"author":[{"embeddable":true,"href":"https:\/\/economiaconedmer.com\/economiaenserio\/wp-json\/wp\/v2\/users\/5"}],"replies":[{"embeddable":true,"href":"https:\/\/economiaconedmer.com\/economiaenserio\/wp-json\/wp\/v2\/comments?post=13471"}],"version-history":[{"count":1,"href":"https:\/\/economiaconedmer.com\/economiaenserio\/wp-json\/wp\/v2\/posts\/13471\/revisions"}],"predecessor-version":[{"id":13472,"href":"https:\/\/economiaconedmer.com\/economiaenserio\/wp-json\/wp\/v2\/posts\/13471\/revisions\/13472"}],"wp:featuredmedia":[{"embeddable":true,"href":"https:\/\/economiaconedmer.com\/economiaenserio\/wp-json\/wp\/v2\/media\/13566"}],"wp:attachment":[{"href":"https:\/\/economiaconedmer.com\/economiaenserio\/wp-json\/wp\/v2\/media?parent=13471"}],"wp:term":[{"taxonomy":"category","embeddable":true,"href":"https:\/\/economiaconedmer.com\/economiaenserio\/wp-json\/wp\/v2\/categories?post=13471"},{"taxonomy":"post_tag","embeddable":true,"href":"https:\/\/economiaconedmer.com\/economiaenserio\/wp-json\/wp\/v2\/tags?post=13471"}],"curies":[{"name":"wp","href":"https:\/\/api.w.org\/{rel}","templated":true}]}}