{"id":13466,"date":"2025-02-23T19:23:46","date_gmt":"2025-02-24T00:23:46","guid":{"rendered":"https:\/\/economiaconedmer.com\/economiaenserio\/?p=13466"},"modified":"2025-02-23T19:27:35","modified_gmt":"2025-02-24T00:27:35","slug":"politica-emocionalmente-sostenible-compromiso-con-la-salud-mental","status":"publish","type":"post","link":"https:\/\/economiaconedmer.com\/economiaenserio\/02\/23\/politica-emocionalmente-sostenible-compromiso-con-la-salud-mental\/el_resto\/2025\/","title":{"rendered":"Pol\u00edtica emocionalmente sostenible: compromiso con la salud mental"},"content":{"rendered":"\n<p>Por Catalina Tello Lamus*<\/p>\n\n\n\n<p>En un mundo donde la pol\u00edtica se ha convertido en un campo de batalla emocional, donde los discursos polarizados y el odio parecen dictar el curso de los acontecimientos, surge una pregunta ineludible: \u00bfc\u00f3mo podemos construir una sociedad m\u00e1s sana emocionalmente sin caer en la indiferencia ni permitir que el rencor nos consuma?<\/p>\n\n\n\n<p>La sostenibilidad emocional en la pol\u00edtica no es un lujo, es una necesidad. Hoy nos encontramos en una realidad en la que los ciudadanos, en lugar de dialogar y construir, caen en la trampa de la confrontaci\u00f3n constante. La indiferencia y la apat\u00eda se convierten en refugios c\u00f3modos ante la sensaci\u00f3n de impotencia, mientras que la exaltaci\u00f3n del odio y los sesgos, ciegan nuestra capacidad de comprensi\u00f3n y empat\u00eda. La verdadera pregunta es: \u00bfc\u00f3mo participamos activamente sin que esto nos destruya emocionalmente?<\/p>\n\n\n\n<p><strong>La trampa de la hiperesperanza y la desilusi\u00f3n<\/strong><\/p>\n\n\n\n<p>Cada ciclo electoral es un reflejo de c\u00f3mo nuestras emociones son manipuladas. Se nos vende la promesa de un cambio absoluto, la llegada de un salvador pol\u00edtico que transformar\u00e1 nuestra realidad de la noche a la ma\u00f1ana. Pero cuando esas expectativas se desmoronan, el desencanto nos lleva al escepticismo extremo o, peor a\u00fan, al cinismo y al resentimiento. Este vaiv\u00e9n emocional desgasta nuestra estabilidad mental y refuerza la polarizaci\u00f3n.<\/p>\n\n\n\n<p>En este escenario, la pregunta crucial es: \u00bfc\u00f3mo podemos participar en pol\u00edtica sin que el proceso erosione nuestra salud mental? La clave est\u00e1 en desarrollar una postura consciente y responsable que nos permita actuar con inteligencia emocional, sin dejarnos arrastrar por narrativas que solo buscan dividirnos.<\/p>\n\n\n\n<p><strong>El ABC de la pol\u00edtica emocionalmente sostenible<\/strong><\/p>\n\n\n\n<ol start=\"1\" class=\"wp-block-list\">\n<li><strong>Autoconciencia pol\u00edtica y emocional<\/strong>: Antes de reaccionar impulsivamente a una noticia o a un comentario pol\u00edtico, preg\u00fantate: \u00bfdesde qu\u00e9 emoci\u00f3n estoy respondiendo?, \u00bfmiedo, rabia, frustraci\u00f3n o desde la reflexi\u00f3n y el deseo genuino de construir? La pr\u00e1ctica de la pausa y la introspecci\u00f3n puede marcar la diferencia entre un debate productivo y un enfrentamiento desgastante.<\/li>\n\n\n\n<li><strong>Empat\u00eda y escucha activa<\/strong>: No se trata de estar de acuerdo con uno, con otro o con todos, sino de comprender que cada persona tiene su propia historia y razones para pensar como piensa. Practicar la escucha activa, sin la necesidad de ganar un debate, puede transformar la manera en que interactuamos con los dem\u00e1s.<\/li>\n\n\n\n<li><strong>Filtrar la informaci\u00f3n de manera responsable<\/strong>: Vivimos en la era de la desinformaci\u00f3n, de intereses que tambi\u00e9n sesgan la informaci\u00f3n, adem\u00e1s de las noticias falsas. Antes de compartir o reaccionar ante una noticia, verifica la fuente, analiza su intenci\u00f3n y preg\u00fantate: \u00bfesto contribuye a la construcci\u00f3n de un di\u00e1logo sano o solo alimenta la polarizaci\u00f3n?<\/li>\n\n\n\n<li><strong>Construcci\u00f3n en lugar de confrontaci\u00f3n<\/strong>: Es posible asumir una postura pol\u00edtica sin caer en la agresi\u00f3n. El debate respetuoso es el camino para transformar realidades. Aprender a disentir sin deshumanizar al otro o estigmatizarlo es una herramienta clave en la sostenibilidad emocional pol\u00edtica.<\/li>\n\n\n\n<li><strong>Autocuidado y desconexi\u00f3n estrat\u00e9gica<\/strong>: La sobreexposici\u00f3n a noticias y redes sociales puede incrementar la ansiedad y el estr\u00e9s. Establece l\u00edmites saludables, dedica tiempo a otras actividades que te nutran emocionalmente y recuerda que estar informado no significa vivir en un estado de alerta constante que te angustia.<\/li>\n<\/ol>\n\n\n\n<p><strong>Participaci\u00f3n consciente: el poder del ciudadano com\u00fan<\/strong><\/p>\n\n\n\n<p>El cambio no solo est\u00e1 en las grandes decisiones pol\u00edticas, sino en c\u00f3mo cada uno de nosotros elige actuar en su d\u00eda a d\u00eda. Desde educar a nuestros hijos en valores de respeto y empat\u00eda, hasta involucrarnos en causas locales que impactan nuestra comunidad, cada acci\u00f3n cuenta.<\/p>\n\n\n\n<p>La indiferencia es el verdadero enemigo de la sostenibilidad emocional en la pol\u00edtica. No se trata de ignorar la realidad, sino de asumir un rol activo sin permitir que el odio y la frustraci\u00f3n definan nuestro bienestar. Al final del d\u00eda, el verdadero poder est\u00e1 en nuestra capacidad de construir, no de destruir.<\/p>\n\n\n\n<p>La pol\u00edtica emocionalmente sostenible es un compromiso con nuestra salud mental y con el futuro de nuestra sociedad. Es un llamado a tomar partido con inteligencia emocional, con respeto y con la certeza de que el verdadero cambio comienza en la forma en que elegimos relacionarnos con los dem\u00e1s.<\/p>\n\n\n\n<p>(*) Psic\u00f3loga, Magister en Terapia de Pareja y Sexolog\u00eda, experta en bienestar emocional y en el abordaje de tem\u00e1ticas cotidianas con un enfoque sostenible.<\/p>\n\n\n\n<p><\/p>\n","protected":false},"excerpt":{"rendered":"<p>Por Catalina Tello Lamus* En un mundo donde la pol\u00edtica se ha convertido en un campo de batalla emocional, donde los discursos polarizados y el odio parecen dictar el curso de los acontecimientos, surge una pregunta ineludible: \u00bfc\u00f3mo podemos construir una sociedad m\u00e1s sana emocionalmente sin caer en la indiferencia ni permitir que el rencor&#8230;<\/p>\n","protected":false},"author":5,"featured_media":13468,"comment_status":"closed","ping_status":"closed","sticky":false,"template":"","format":"standard","meta":{"_FSMCFIC_featured_image_caption":"","_FSMCFIC_featured_image_nocaption":"","_FSMCFIC_featured_image_hide":"","footnotes":""},"categories":[22],"tags":[],"class_list":["post-13466","post","type-post","status-publish","format-standard","has-post-thumbnail","hentry","category-el_resto"],"_links":{"self":[{"href":"https:\/\/economiaconedmer.com\/economiaenserio\/wp-json\/wp\/v2\/posts\/13466","targetHints":{"allow":["GET"]}}],"collection":[{"href":"https:\/\/economiaconedmer.com\/economiaenserio\/wp-json\/wp\/v2\/posts"}],"about":[{"href":"https:\/\/economiaconedmer.com\/economiaenserio\/wp-json\/wp\/v2\/types\/post"}],"author":[{"embeddable":true,"href":"https:\/\/economiaconedmer.com\/economiaenserio\/wp-json\/wp\/v2\/users\/5"}],"replies":[{"embeddable":true,"href":"https:\/\/economiaconedmer.com\/economiaenserio\/wp-json\/wp\/v2\/comments?post=13466"}],"version-history":[{"count":1,"href":"https:\/\/economiaconedmer.com\/economiaenserio\/wp-json\/wp\/v2\/posts\/13466\/revisions"}],"predecessor-version":[{"id":13467,"href":"https:\/\/economiaconedmer.com\/economiaenserio\/wp-json\/wp\/v2\/posts\/13466\/revisions\/13467"}],"wp:featuredmedia":[{"embeddable":true,"href":"https:\/\/economiaconedmer.com\/economiaenserio\/wp-json\/wp\/v2\/media\/13468"}],"wp:attachment":[{"href":"https:\/\/economiaconedmer.com\/economiaenserio\/wp-json\/wp\/v2\/media?parent=13466"}],"wp:term":[{"taxonomy":"category","embeddable":true,"href":"https:\/\/economiaconedmer.com\/economiaenserio\/wp-json\/wp\/v2\/categories?post=13466"},{"taxonomy":"post_tag","embeddable":true,"href":"https:\/\/economiaconedmer.com\/economiaenserio\/wp-json\/wp\/v2\/tags?post=13466"}],"curies":[{"name":"wp","href":"https:\/\/api.w.org\/{rel}","templated":true}]}}