{"id":13463,"date":"2025-02-22T09:43:33","date_gmt":"2025-02-22T14:43:33","guid":{"rendered":"https:\/\/economiaconedmer.com\/economiaenserio\/?p=13463"},"modified":"2025-02-22T09:45:03","modified_gmt":"2025-02-22T14:45:03","slug":"en-marcha-segundo-ciclo-del-programa-ella-exporta-a-africa","status":"publish","type":"post","link":"https:\/\/economiaconedmer.com\/economiaenserio\/02\/22\/en-marcha-segundo-ciclo-del-programa-ella-exporta-a-africa\/el_resto\/2025\/","title":{"rendered":"En marcha, segundo ciclo del programa \u201cElla Exporta a \u00c1frica\u201d"},"content":{"rendered":"\n<p><strong>Bogot\u00e1, febrero 21 de 2025<\/strong>.<strong> (@Fondo_Mujer) (@ViceColombia)\u00a0<\/strong>El programa \u201cElla Exporta a \u00c1frica\u201d es una iniciativa de la Vicepresidencia de la Rep\u00fablica, liderada por el Fondo Mujer Libre y Productiva y ProColombia. Dise\u00f1ado para promover la internacionalizaci\u00f3n de empresas de propiedad y liderazgo de las mujeres en el prometedor mercado africano, este programa ha abierto su segundo ciclo tras el \u00e9xito de la primera convocatoria. En su fase inicial, 30 empresas participaron en las acciones de fortalecimiento y alistamiento.<\/p>\n\n\n\n<p>Este esfuerzo afianza el compromiso del Gobierno Nacional, en colaboraci\u00f3n con ProColombia y el Fondo Mujer, para cerrar brechas en la internacionalizaci\u00f3n y fortalecer las relaciones comerciales con \u00c1frica.&nbsp;En l\u00ednea con la apuesta por la autonom\u00eda econ\u00f3mica de las mujeres, la iniciativa abre nuevas oportunidades para que m\u00e1s empresas lideradas por ellas accedan a mercados mundiales.<\/p>\n\n\n\n<p>Con una inversi\u00f3n total de m\u00e1s de 19.000 millones de pesos, las participantes acceder\u00e1n a una ruta integral de fortalecimiento que incluye diagn\u00f3sticos especializados, asistencia t\u00e9cnica, preparaci\u00f3n para la internacionalizaci\u00f3n y conexiones comerciales espec\u00edficas con el mercado africano. Adem\u00e1s, se otorgar\u00e1n hasta 70 millones de pesos en capital productivo a cada una de las 140 empresas seleccionadas, las cuales se dividir\u00e1n en dos perfiles: por primera vez, 90 empresas sin experiencia exportadora significativa (Perfil 1) y, continuando con la estrategia previamente establecida, 50 con trayectoria exportadora superior a dos a\u00f1os (Perfil 2).<\/p>\n\n\n\n<p><em>\u201cEl programa \u2018Ella Exporta a \u00c1frica\u2019 refleja el firme compromiso de ProColombia con la equidad de g\u00e9nero y el impulso a la internacionalizaci\u00f3n de empresas lideradas por mujeres. Fue reconocido por la Organizaci\u00f3n Mundial del Comercio (OMC) con el Premio Internacional por la Igualdad de G\u00e9nero en el Comercio, un galard\u00f3n que destaca la importancia de promover pol\u00edticas comerciales<u><\/u><\/em><em>&nbsp;innovadoras, inclusivas y orientadas a resultados. Este segundo ciclo demuestra que seguimos apostando por iniciativas que conecten a Colombia, el pa\u00eds de la belleza, con el mundo, siempre con un enfoque que promueva la inclusi\u00f3n y el empoderamiento de las empresarias\u201d<\/em>, se\u00f1ala Carmen Caballero, presidenta de ProColombia.<\/p>\n\n\n\n<p>Para Mar\u00eda Fernanda Reyes, directora del Fondo Mujer Libre y Productiva de la Vicepresidencia, este programa&nbsp;<em>\u201cimpulsa la econom\u00eda de las empresas lideradas por mujeres y tambi\u00e9n construye puentes con \u00c1frica, un mercado lleno de oportunidades para el talento colombiano. Creemos firmemente que estas alianzas estrat\u00e9gicas marcar\u00e1n la diferencia, conectando sue\u00f1os empresariales con realidades internacionales\u201d<\/em>.<\/p>\n\n\n\n<p><strong>\u00bfQui\u00e9nes pueden participar?<\/strong><\/p>\n\n\n\n<p>Las empresas interesadas deben ser de propiedad y liderazgo mayoritariamente de mujeres, contar con al menos dos a\u00f1os de operaci\u00f3n comercial, estar formalmente constituidas y tener un bien o servicio definido.<\/p>\n\n\n\n<ul class=\"wp-block-list\">\n<li>Perfil 1: Empresas que no cuentan con experiencia exportadora o con experiencia inferior a dos a\u00f1os que quieran iniciar una ruta de internacionalizaci\u00f3n con miras al mercado africano.\u00a0<\/li>\n\n\n\n<li>Perfil 2: Empresas con experiencia exportadora igual o superior a dos a\u00f1os verificable que optimizar\u00e1n sus capacidades de internacionalizaci\u00f3n para consolidarse en el mercado africano.<\/li>\n<\/ul>\n\n\n\n<p><em>\u201cProgramas como este son clave para cerrar las brechas existentes y diversificar las oportunidades comerciales de las mujeres colombianas. \u00c1frica representa un nuevo horizonte y estamos aqu\u00ed para guiarlas en este emocionante viaje\u201d,<\/em>&nbsp;agrega Mar\u00eda Fernanda Reyes.<\/p>\n\n\n\n<p>Esta convocatoria representa una oportunidad \u00fanica para que las empresas lideradas por las mujeres no solo fortalezcan su impacto local, sino que tambi\u00e9n se conviertan en protagonistas del comercio internacional. Las empresas interesadas tienen plazo hasta el 14 de marzo de 2025 a las 4:00 p. m. para participar. Los t\u00e9rminos de referencia est\u00e1n disponibles en los sitios oficiales del&nbsp;<strong><u><a rel=\"noreferrer noopener\" target=\"_blank\" href=\"https:\/\/fondomujer.gov.co\/portfolio\/ella-exporta-a-africa-ciclo-2\/\">Fondo Mujer Libre y Productiva<\/a><\/u><\/strong>y de<strong><u><a rel=\"noreferrer noopener\" target=\"_blank\" href=\"http:\/\/www.procolombia.co\/\">ProColombia<\/a><\/u><\/strong><strong>.<\/strong><\/p>\n\n\n\n<p>Para m\u00e1s informaci\u00f3n sobre los programas y servicios del Fondo Mujer Libre y Productiva y de ProColombia visite:&nbsp;<a rel=\"noreferrer noopener\" target=\"_blank\" href=\"http:\/\/www.fondomujer.gov.co\/\">www.fondomujer.gov.co<\/a>&nbsp;y&nbsp;<a rel=\"noreferrer noopener\" target=\"_blank\" href=\"http:\/\/www.fabricasdeinternacionalizacion.com.co\/\">http:\/\/www.fabricasdeinternacionalizacion.com.co\/<\/a><\/p>\n\n\n\n<p><\/p>\n","protected":false},"excerpt":{"rendered":"<p>Bogot\u00e1, febrero 21 de 2025. (@Fondo_Mujer) (@ViceColombia)\u00a0El programa \u201cElla Exporta a \u00c1frica\u201d es una iniciativa de la Vicepresidencia de la Rep\u00fablica, liderada por el Fondo Mujer Libre y Productiva y ProColombia. Dise\u00f1ado para promover la internacionalizaci\u00f3n de empresas de propiedad y liderazgo de las mujeres en el prometedor mercado africano, este programa ha abierto su&#8230;<\/p>\n","protected":false},"author":5,"featured_media":13465,"comment_status":"closed","ping_status":"closed","sticky":false,"template":"","format":"standard","meta":{"_FSMCFIC_featured_image_caption":"","_FSMCFIC_featured_image_nocaption":"","_FSMCFIC_featured_image_hide":"","footnotes":""},"categories":[22],"tags":[],"class_list":["post-13463","post","type-post","status-publish","format-standard","has-post-thumbnail","hentry","category-el_resto"],"_links":{"self":[{"href":"https:\/\/economiaconedmer.com\/economiaenserio\/wp-json\/wp\/v2\/posts\/13463","targetHints":{"allow":["GET"]}}],"collection":[{"href":"https:\/\/economiaconedmer.com\/economiaenserio\/wp-json\/wp\/v2\/posts"}],"about":[{"href":"https:\/\/economiaconedmer.com\/economiaenserio\/wp-json\/wp\/v2\/types\/post"}],"author":[{"embeddable":true,"href":"https:\/\/economiaconedmer.com\/economiaenserio\/wp-json\/wp\/v2\/users\/5"}],"replies":[{"embeddable":true,"href":"https:\/\/economiaconedmer.com\/economiaenserio\/wp-json\/wp\/v2\/comments?post=13463"}],"version-history":[{"count":1,"href":"https:\/\/economiaconedmer.com\/economiaenserio\/wp-json\/wp\/v2\/posts\/13463\/revisions"}],"predecessor-version":[{"id":13464,"href":"https:\/\/economiaconedmer.com\/economiaenserio\/wp-json\/wp\/v2\/posts\/13463\/revisions\/13464"}],"wp:featuredmedia":[{"embeddable":true,"href":"https:\/\/economiaconedmer.com\/economiaenserio\/wp-json\/wp\/v2\/media\/13465"}],"wp:attachment":[{"href":"https:\/\/economiaconedmer.com\/economiaenserio\/wp-json\/wp\/v2\/media?parent=13463"}],"wp:term":[{"taxonomy":"category","embeddable":true,"href":"https:\/\/economiaconedmer.com\/economiaenserio\/wp-json\/wp\/v2\/categories?post=13463"},{"taxonomy":"post_tag","embeddable":true,"href":"https:\/\/economiaconedmer.com\/economiaenserio\/wp-json\/wp\/v2\/tags?post=13463"}],"curies":[{"name":"wp","href":"https:\/\/api.w.org\/{rel}","templated":true}]}}