{"id":13438,"date":"2025-02-22T08:30:21","date_gmt":"2025-02-22T13:30:21","guid":{"rendered":"https:\/\/economiaconedmer.com\/economiaenserio\/?p=13438"},"modified":"2025-02-22T08:34:17","modified_gmt":"2025-02-22T13:34:17","slug":"red-pro-y-gobernadores-se-unen-para-mover-el-desarrollo-regional","status":"publish","type":"post","link":"https:\/\/economiaconedmer.com\/economiaenserio\/02\/22\/red-pro-y-gobernadores-se-unen-para-mover-el-desarrollo-regional\/el_resto\/2025\/","title":{"rendered":"Red\u00a0PRO\u00a0y\u00a0gobernadores se\u00a0unen\u00a0para mover el desarrollo regional"},"content":{"rendered":"\n<p><strong>Villa\u00a0de\u00a0Leyva,\u00a019\u00a0de\u00a0febrero\u00a0de\u00a02025.<\/strong> En un esfuerzo por garantizar el avance y la ejecuci\u00f3n de proyectos que impulsen el\u00a0desarrollo\u00a0del\u00a0pa\u00eds\u00a0desde\u00a0las\u00a0regiones,\u00a0la\u00a0RED\u00a0PRO\u00a0se\u00a0reuni\u00f3\u00a0con\u00a0los\u00a0gobernado- res de todo el pa\u00eds, en el marco de la Cumbre de Gobernadores realizada en\u00a0Boyac\u00e1.<\/p>\n\n\n\n<p>El objetivo de este encuentro fue trazar una agenda de desarrollo con una mirada regional\u00a0que\u00a0permita\u00a0poner\u00a0en\u00a0marcha\u00a0proyectos\u00a0de\u00a0impacto\u00a0nacional,\u00a0para\u00a0lo\u00a0cual se acord\u00f3 realizar un trabajo permanente y articulado entre el sector p\u00fablico y privado. Lo anterior, con el fin de impulsar y hacer seguimiento a 11 proyectos de alto valor estrat\u00e9gico para promover el crecimiento econ\u00f3mico, la competitividad y la mejora de la calidad de vida en Colombia.<\/p>\n\n\n\n<p>Proyectos&nbsp;estrat\u00e9gicos&nbsp;priorizados&nbsp;para&nbsp;habilitar&nbsp;las&nbsp;apuestas&nbsp;de&nbsp;desarrollo:<\/p>\n\n\n\n<p>La RED PRO ha identificado y priorizado proyectos con el potencial de generar bienestar a los territorios, atraer inversi\u00f3n y generar empleo, alineados con gran- des apuestas productivas:<\/p>\n\n\n\n<p>1.&nbsp;&nbsp;&nbsp;&nbsp;&nbsp;&nbsp;&nbsp;&nbsp;&nbsp;&nbsp;&nbsp;&nbsp;&nbsp;&nbsp;&nbsp;&nbsp;&nbsp;Corredor&nbsp;Urab\u00e1&nbsp;\u2013&nbsp;La&nbsp;Virginia&nbsp;\u2013&nbsp;Buenaventura.<\/p>\n\n\n\n<p>2.&nbsp;&nbsp;&nbsp;&nbsp;&nbsp;&nbsp;&nbsp;&nbsp;&nbsp;&nbsp;&nbsp;&nbsp;&nbsp;&nbsp;&nbsp;&nbsp;&nbsp;Dragado&nbsp;de&nbsp;profundizaci\u00f3n&nbsp;del&nbsp;Puerto&nbsp;de&nbsp;Buenaventura.<\/p>\n\n\n\n<p>3.&nbsp;&nbsp;&nbsp;&nbsp;&nbsp;&nbsp;&nbsp;&nbsp;&nbsp;&nbsp;&nbsp;&nbsp;&nbsp;&nbsp;&nbsp;&nbsp;&nbsp;Reactivaci\u00f3n&nbsp;ferroviaria:&nbsp;Corredor&nbsp;Belencito&nbsp;\u2013&nbsp;Bogot\u00e1,&nbsp;Conexi\u00f3n&nbsp;Red&nbsp;Central \u2013&nbsp;Carar\u00e9,&nbsp;Tren&nbsp;de&nbsp;mediana&nbsp;velocidad&nbsp;de&nbsp;pasajeros&nbsp;Sogamoso&nbsp;\u2013&nbsp;Bogot\u00e1,&nbsp;Tren&nbsp;tur\u00eds- tico y cluster metalmec\u00e1nico ferroviario.<\/p>\n\n\n\n<p>4.&nbsp;&nbsp;&nbsp;&nbsp;&nbsp;&nbsp;&nbsp;&nbsp;&nbsp;&nbsp;&nbsp;&nbsp;&nbsp;&nbsp;&nbsp;&nbsp;&nbsp;Aeropuerto&nbsp;Santiago&nbsp;Villa&nbsp;(Tolima).<\/p>\n\n\n\n<p>5.&nbsp;&nbsp;&nbsp;&nbsp;&nbsp;&nbsp;&nbsp;&nbsp;&nbsp;&nbsp;&nbsp;&nbsp;&nbsp;&nbsp;&nbsp;&nbsp;&nbsp;L\u00ednea&nbsp;de&nbsp;transmisi\u00f3n&nbsp;Chivor&nbsp;\u2013&nbsp;Chivor&nbsp;II&nbsp;\u2013&nbsp;Norte&nbsp;\u2013&nbsp;Bacat\u00e1&nbsp;230&nbsp;kv.<\/p>\n\n\n\n<p>6.&nbsp;&nbsp;&nbsp;&nbsp;&nbsp;&nbsp;&nbsp;&nbsp;&nbsp;&nbsp;&nbsp;&nbsp;&nbsp;&nbsp;&nbsp;&nbsp;&nbsp;Aeropuerto&nbsp;El&nbsp;Ed\u00e9n&nbsp;(Quind\u00edo).<\/p>\n\n\n\n<p>7.&nbsp;&nbsp;&nbsp;&nbsp;&nbsp;&nbsp;&nbsp;&nbsp;&nbsp;&nbsp;&nbsp;&nbsp;&nbsp;&nbsp;&nbsp;&nbsp;&nbsp;Corredor&nbsp;Bogot\u00e1&nbsp;\u2013&nbsp;Eje&nbsp;Cafetero&nbsp;\u2013&nbsp;Buenaventura&nbsp;\u2013&nbsp;Ipiales.<\/p>\n\n\n\n<p>8.&nbsp;&nbsp;&nbsp;&nbsp;&nbsp;&nbsp;&nbsp;&nbsp;&nbsp;&nbsp;&nbsp;&nbsp;&nbsp;&nbsp;&nbsp;&nbsp;&nbsp;Conexi\u00f3n&nbsp;Pac\u00edfico&nbsp;\u2013&nbsp;Orinoqu\u00eda.<\/p>\n\n\n\n<p>9.&nbsp;&nbsp;&nbsp;&nbsp;&nbsp;&nbsp;&nbsp;&nbsp;&nbsp;&nbsp;&nbsp;&nbsp;&nbsp;&nbsp;&nbsp;&nbsp;&nbsp;Corredor&nbsp;F\u00e9rreo&nbsp;La&nbsp;Dorada&nbsp;Chiriguan\u00e1&nbsp;\u2013&nbsp;Santa&nbsp;Marta.<\/p>\n\n\n\n<p>10.&nbsp;&nbsp;&nbsp;&nbsp;&nbsp;&nbsp;&nbsp;&nbsp;&nbsp;&nbsp;&nbsp;&nbsp;Navegabilidad&nbsp;del&nbsp;R\u00edo&nbsp;Magdalena.<\/p>\n\n\n\n<p>11.&nbsp;&nbsp;&nbsp;&nbsp;&nbsp;&nbsp;&nbsp;&nbsp;&nbsp;&nbsp;&nbsp;&nbsp;Corredor&nbsp;Bogot\u00e1&nbsp;\u2013&nbsp;Santa&nbsp;Marta&nbsp;\u2013&nbsp;Barranquilla&nbsp;\u2013&nbsp;Cartagena.<\/p>\n\n\n\n<p>Con este compromiso, al que se espera se sumen pr\u00f3ximamente alcaldes, parla- mentarios\u00a0y\u00a0el\u00a0gobierno\u00a0nacional,\u00a0La\u00a0RED\u00a0PRO\u00a0se\u00a0convierte,\u00a0ahora\u00a0m\u00e1s\u00a0que\u00a0nunca, en\u00a0un\u00a0puente\u00a0necesario\u00a0entre\u00a0lo\u00a0privado\u00a0y\u00a0lo\u00a0p\u00fablico\u00a0que\u00a0tiene\u00a0como\u00a0prop\u00f3sito\u00a0deto- nar\u00a0el\u00a0avance\u00a0y\u00a0la\u00a0ejecuci\u00f3n\u00a0de\u00a0proyectos\u00a0regionales\u00a0con\u00a0relevancia\u00a0nacional,\u00a0visibi lizar y maximizar el aporte de las empresas al desarrollo de Colombia; adem\u00e1s de construir redes que faciliten el logro de los proyectos estructurales que impacten positivamente a nuestra sociedad, consolidando una visi\u00f3n de pa\u00eds basada en la equidad y la sostenibilidad.<\/p>\n\n\n\n<p><strong>Qu\u00e9 es la Red PRO<\/strong><\/p>\n\n\n\n<p>La RED PRO es una alianza conformada por 11 PRO regionales, que desde el sector\u00a0privado\u00a0y\u00a0con\u00a0una\u00a0visi\u00f3n\u00a0apartidista,\u00a0no\u00a0gremial\u00a0y\u00a0de\u00a0largo\u00a0plazo,\u00a0contribuye a\u00a0la\u00a0generaci\u00f3n\u00a0de\u00a0valor\u00a0p\u00fablico\u00a0en\u00a0el\u00a0pa\u00eds.\u00a0Su\u00a0prop\u00f3sito\u00a0es\u00a0promover\u00a0el\u00a0desarrollo sostenible\u00a0en\u00a0sus\u00a0dimensiones\u00a0econ\u00f3mica,\u00a0social,\u00a0ambiental\u00a0e\u00a0institucional,\u00a0impulsando el crecimiento de Colombia desde las regiones. La Red une a m\u00e1s de 500 empresas,\u00a0gremios,\u00a0universidades\u00a0y\u00a0organizaciones\u00a0sociales,\u00a0tiene\u00a0presencia\u00a0en\u00a04 de\u00a0las\u00a06\u00a0regiones\u00a0naturales\u00a0de\u00a0Colombia,\u00a0representa\u00a0el\u00a070.9%\u00a0del\u00a0PIB\u00a0nacional\u00a0y\u00a0a 37.8 millones de\u00a0habitantes.<\/p>\n\n\n\n<p><\/p>\n","protected":false},"excerpt":{"rendered":"<p>Villa\u00a0de\u00a0Leyva,\u00a019\u00a0de\u00a0febrero\u00a0de\u00a02025. En un esfuerzo por garantizar el avance y la ejecuci\u00f3n de proyectos que impulsen el\u00a0desarrollo\u00a0del\u00a0pa\u00eds\u00a0desde\u00a0las\u00a0regiones,\u00a0la\u00a0RED\u00a0PRO\u00a0se\u00a0reuni\u00f3\u00a0con\u00a0los\u00a0gobernado- res de todo el pa\u00eds, en el marco de la Cumbre de Gobernadores realizada en\u00a0Boyac\u00e1. El objetivo de este encuentro fue trazar una agenda de desarrollo con una mirada regional\u00a0que\u00a0permita\u00a0poner\u00a0en\u00a0marcha\u00a0proyectos\u00a0de\u00a0impacto\u00a0nacional,\u00a0para\u00a0lo\u00a0cual se acord\u00f3 realizar un trabajo permanente y articulado entre&#8230;<\/p>\n","protected":false},"author":5,"featured_media":13441,"comment_status":"closed","ping_status":"closed","sticky":false,"template":"","format":"standard","meta":{"_FSMCFIC_featured_image_caption":"","_FSMCFIC_featured_image_nocaption":"","_FSMCFIC_featured_image_hide":"","footnotes":""},"categories":[22],"tags":[],"class_list":["post-13438","post","type-post","status-publish","format-standard","has-post-thumbnail","hentry","category-el_resto"],"_links":{"self":[{"href":"https:\/\/economiaconedmer.com\/economiaenserio\/wp-json\/wp\/v2\/posts\/13438","targetHints":{"allow":["GET"]}}],"collection":[{"href":"https:\/\/economiaconedmer.com\/economiaenserio\/wp-json\/wp\/v2\/posts"}],"about":[{"href":"https:\/\/economiaconedmer.com\/economiaenserio\/wp-json\/wp\/v2\/types\/post"}],"author":[{"embeddable":true,"href":"https:\/\/economiaconedmer.com\/economiaenserio\/wp-json\/wp\/v2\/users\/5"}],"replies":[{"embeddable":true,"href":"https:\/\/economiaconedmer.com\/economiaenserio\/wp-json\/wp\/v2\/comments?post=13438"}],"version-history":[{"count":1,"href":"https:\/\/economiaconedmer.com\/economiaenserio\/wp-json\/wp\/v2\/posts\/13438\/revisions"}],"predecessor-version":[{"id":13439,"href":"https:\/\/economiaconedmer.com\/economiaenserio\/wp-json\/wp\/v2\/posts\/13438\/revisions\/13439"}],"wp:featuredmedia":[{"embeddable":true,"href":"https:\/\/economiaconedmer.com\/economiaenserio\/wp-json\/wp\/v2\/media\/13441"}],"wp:attachment":[{"href":"https:\/\/economiaconedmer.com\/economiaenserio\/wp-json\/wp\/v2\/media?parent=13438"}],"wp:term":[{"taxonomy":"category","embeddable":true,"href":"https:\/\/economiaconedmer.com\/economiaenserio\/wp-json\/wp\/v2\/categories?post=13438"},{"taxonomy":"post_tag","embeddable":true,"href":"https:\/\/economiaconedmer.com\/economiaenserio\/wp-json\/wp\/v2\/tags?post=13438"}],"curies":[{"name":"wp","href":"https:\/\/api.w.org\/{rel}","templated":true}]}}