{"id":13259,"date":"2025-02-12T20:25:09","date_gmt":"2025-02-13T01:25:09","guid":{"rendered":"https:\/\/economiaconedmer.com\/economiaenserio\/?p=13259"},"modified":"2025-02-12T20:48:03","modified_gmt":"2025-02-13T01:48:03","slug":"federacafe-lanza-plan-para-fortalecer-las-cooperativas","status":"publish","type":"post","link":"https:\/\/economiaconedmer.com\/economiaenserio\/02\/12\/federacafe-lanza-plan-para-fortalecer-las-cooperativas\/el_resto\/2025\/","title":{"rendered":"Federacaf\u00e9 lanza plan para fortalecer las cooperativas"},"content":{"rendered":"\n<p><strong>Bogot\u00e1, febrero 12 de 2025.<\/strong> El plan que la Federaci\u00f3n Nacional de Cafeteros tiene para las Cooperativas, busca la protecci\u00f3n del inter\u00e9s general representado en la garant\u00eda de compra, a partir de la promoci\u00f3n y el fomento del sector solidario cafetero y se centra en tres acciones: respaldo financiero, gobierno corporativo y un llamado al gobierno nacional para apoyarlas financieramente; tal como lo solicitaron en pleno, los representantes<br>cafeteros en el 93 Congreso Nacional Cafetero realizado en diciembre pasado, en donde recomendaron privilegiar la garant\u00eda de compra y solicitar al gobierno nacional, darle liquidez. (art\u00edculos 58 inciso 3 y articulo 333 inciso 3).<br>\u201cUn sector solidario saludable y eficiente, es definitivo para la caficultura, as\u00ed que seguimos construyendo ese ecosistema para salvaguardar la garant\u00eda de compra\u201d destaca Germ\u00e1n Baham\u00f3n, gerente general de la Fedecafeteros.<br>El PAS busca que las cooperativas puedan entregar el caf\u00e9 pendiente, 33 millones de kilos, lo cual a precios de hoy ser\u00eda un imposible para el sector solidario (Cooperativas), por lo tanto la Federaci\u00f3n Nacional de Cafeteros estar\u00eda dispuesta a respaldar las operaciones financieras requeridas y por su parte el Fondo har\u00eda una inversi\u00f3n en promoci\u00f3n del cooperativismo, a partir de la eficiencia en la operaci\u00f3n comercial.<br>El Plan solidario en pro de las Cooperativas, contempla tambi\u00e9n un crucial avance en materia de Gobierno Corporativo, de tal manera que las buenas pr\u00e1cticas y principios de buen gobierno, aseguren eficiencia y transparencia en la gesti\u00f3n por parte de sus administradores, para lo cual se solicitar\u00eda el acompa\u00f1amiento de la Superintendencia de la Econom\u00eda Solidaria.<br>No es la primera vez que la FNC lanza un plan de acci\u00f3n en pro de las Cooperativas. Lo viene realizando desde el a\u00f1o 2021 y el m\u00e1s reciente, a finales del 2024, con el programa Coseche y Cumpla, en un contexto de buenas cifras de producci\u00f3n a buenos precios, lo que permit\u00eda que tanto los cafeteros como las cooperativas, compensaran la entrega.<\/p>\n","protected":false},"excerpt":{"rendered":"<p>Bogot\u00e1, febrero 12 de 2025. El plan que la Federaci\u00f3n Nacional de Cafeteros tiene para las Cooperativas, busca la protecci\u00f3n del inter\u00e9s general representado en la garant\u00eda de compra, a partir de la promoci\u00f3n y el fomento del sector solidario cafetero y se centra en tres acciones: respaldo financiero, gobierno corporativo y un llamado al&#8230;<\/p>\n","protected":false},"author":5,"featured_media":13265,"comment_status":"closed","ping_status":"closed","sticky":false,"template":"","format":"standard","meta":{"_FSMCFIC_featured_image_caption":"","_FSMCFIC_featured_image_nocaption":"","_FSMCFIC_featured_image_hide":"","footnotes":""},"categories":[22],"tags":[],"class_list":["post-13259","post","type-post","status-publish","format-standard","has-post-thumbnail","hentry","category-el_resto"],"_links":{"self":[{"href":"https:\/\/economiaconedmer.com\/economiaenserio\/wp-json\/wp\/v2\/posts\/13259","targetHints":{"allow":["GET"]}}],"collection":[{"href":"https:\/\/economiaconedmer.com\/economiaenserio\/wp-json\/wp\/v2\/posts"}],"about":[{"href":"https:\/\/economiaconedmer.com\/economiaenserio\/wp-json\/wp\/v2\/types\/post"}],"author":[{"embeddable":true,"href":"https:\/\/economiaconedmer.com\/economiaenserio\/wp-json\/wp\/v2\/users\/5"}],"replies":[{"embeddable":true,"href":"https:\/\/economiaconedmer.com\/economiaenserio\/wp-json\/wp\/v2\/comments?post=13259"}],"version-history":[{"count":1,"href":"https:\/\/economiaconedmer.com\/economiaenserio\/wp-json\/wp\/v2\/posts\/13259\/revisions"}],"predecessor-version":[{"id":13261,"href":"https:\/\/economiaconedmer.com\/economiaenserio\/wp-json\/wp\/v2\/posts\/13259\/revisions\/13261"}],"wp:featuredmedia":[{"embeddable":true,"href":"https:\/\/economiaconedmer.com\/economiaenserio\/wp-json\/wp\/v2\/media\/13265"}],"wp:attachment":[{"href":"https:\/\/economiaconedmer.com\/economiaenserio\/wp-json\/wp\/v2\/media?parent=13259"}],"wp:term":[{"taxonomy":"category","embeddable":true,"href":"https:\/\/economiaconedmer.com\/economiaenserio\/wp-json\/wp\/v2\/categories?post=13259"},{"taxonomy":"post_tag","embeddable":true,"href":"https:\/\/economiaconedmer.com\/economiaenserio\/wp-json\/wp\/v2\/tags?post=13259"}],"curies":[{"name":"wp","href":"https:\/\/api.w.org\/{rel}","templated":true}]}}