{"id":13189,"date":"2025-02-06T18:51:11","date_gmt":"2025-02-06T23:51:11","guid":{"rendered":"https:\/\/economiaconedmer.com\/economiaenserio\/?p=13189"},"modified":"2025-02-06T18:53:53","modified_gmt":"2025-02-06T23:53:53","slug":"joven-colombiano-profesional-del-ano-de-ia-en-suecia","status":"publish","type":"post","link":"https:\/\/economiaconedmer.com\/economiaenserio\/02\/06\/joven-colombiano-profesional-del-ano-de-ia-en-suecia\/jovenes\/2025\/","title":{"rendered":"Joven colombiano, profesional del a\u00f1o de IA en Suecia"},"content":{"rendered":"\n<p>El colombiano Luis Guillermo Mart\u00ednez recibi\u00f3 el premio en la categor\u00eda Responsible IA Professional of the Year en la pasada entrega de los Dair Awards, un evento de los pa\u00edses n\u00f3rdicos que, desde hace cuatro a\u00f1os, premia a los mejores proyectos, compa\u00f1\u00edas y profesionales en el \u00e1mbito de la data, las Inteligencia Artificial y las innovaciones tecnol\u00f3gicas de la regi\u00f3n.<\/p>\n\n\n\n<p>Mart\u00ednez es un experto en pol\u00edticas, regulaci\u00f3n, \u00e9tica y cumplimiento en Inteligencia Artificial, con m\u00e1s de 10 a\u00f1os de experiencia en empresas como Assa Abloy y Volvo Cars, donde se ha desempe\u00f1ado en altos cargos con la responsabilidad de monitorear el desarrollo de leyes y regulaciones de IA en la Uni\u00f3n Europea, Estados Unidos y China, as\u00ed como desarrollar el Marco de Cumplimiento de IA para dichas organizaciones.&nbsp;<\/p>\n\n\n\n<p>Su impecable desempe\u00f1o lo llev\u00f3 no solo a ser nominado por el grupo de asesores en innovaci\u00f3n del Consejo de Ministros N\u00f3rdicos, sino tambi\u00e9n a ser elegido ganador por el grupo de jurados del evento.&nbsp;<\/p>\n\n\n\n<p>Luis Guillermo est\u00e1 tambi\u00e9n comprometido con los j\u00f3venes colombianos y la integraci\u00f3n de sus conocimientos en IA, \u00e9tica y cumplimiento, a trav\u00e9s de sus c\u00e1tedras como docente investigador en los programas de Ingenier\u00eda de Sistemas e Ingenier\u00eda de Telecomunicaciones de la Universidad Piloto de Colombia.&nbsp;<\/p>\n\n\n\n<p>Adem\u00e1s, el colombiano ha trabajado como investigador postdoctoral en el Instituto Real de Tecnolog\u00eda KTH, donde dise\u00f1\u00f3 e implement\u00f3 un marco de evaluaci\u00f3n de la Calidad de Experiencia (QoE) para el Proyecto EUth y lider\u00f3 proyectos de investigaci\u00f3n sobre redes m\u00f3viles impulsadas por IA y datos.<\/p>\n\n\n\n<p>El c\u00e9lebre colombiano tiene un doctorado en Tecnolog\u00edas de la Informaci\u00f3n y las Comunicaciones (TIC) del Instituto Real de Tecnolog\u00eda KTH, donde propuso un mecanismo t\u00e9cnico para personalizar la operaci\u00f3n de redes m\u00f3viles con el uso de Inteligencia Artificial y los datos del usuario. Actualmente es un activo orador y conferencista, invitado a varios escenarios del mundo, para exponer sus importantes conocimientos en materia de tecnolog\u00eda, innovaci\u00f3n e Inteligencia Artificial.<\/p>\n\n\n\n<p><\/p>\n","protected":false},"excerpt":{"rendered":"<p>El colombiano Luis Guillermo Mart\u00ednez recibi\u00f3 el premio en la categor\u00eda Responsible IA Professional of the Year en la pasada entrega de los Dair Awards, un evento de los pa\u00edses n\u00f3rdicos que, desde hace cuatro a\u00f1os, premia a los mejores proyectos, compa\u00f1\u00edas y profesionales en el \u00e1mbito de la data, las Inteligencia Artificial y las&#8230;<\/p>\n","protected":false},"author":5,"featured_media":13191,"comment_status":"closed","ping_status":"closed","sticky":false,"template":"","format":"standard","meta":{"_FSMCFIC_featured_image_caption":"","_FSMCFIC_featured_image_nocaption":"","_FSMCFIC_featured_image_hide":"","footnotes":""},"categories":[24],"tags":[],"class_list":["post-13189","post","type-post","status-publish","format-standard","has-post-thumbnail","hentry","category-jovenes"],"_links":{"self":[{"href":"https:\/\/economiaconedmer.com\/economiaenserio\/wp-json\/wp\/v2\/posts\/13189","targetHints":{"allow":["GET"]}}],"collection":[{"href":"https:\/\/economiaconedmer.com\/economiaenserio\/wp-json\/wp\/v2\/posts"}],"about":[{"href":"https:\/\/economiaconedmer.com\/economiaenserio\/wp-json\/wp\/v2\/types\/post"}],"author":[{"embeddable":true,"href":"https:\/\/economiaconedmer.com\/economiaenserio\/wp-json\/wp\/v2\/users\/5"}],"replies":[{"embeddable":true,"href":"https:\/\/economiaconedmer.com\/economiaenserio\/wp-json\/wp\/v2\/comments?post=13189"}],"version-history":[{"count":1,"href":"https:\/\/economiaconedmer.com\/economiaenserio\/wp-json\/wp\/v2\/posts\/13189\/revisions"}],"predecessor-version":[{"id":13190,"href":"https:\/\/economiaconedmer.com\/economiaenserio\/wp-json\/wp\/v2\/posts\/13189\/revisions\/13190"}],"wp:featuredmedia":[{"embeddable":true,"href":"https:\/\/economiaconedmer.com\/economiaenserio\/wp-json\/wp\/v2\/media\/13191"}],"wp:attachment":[{"href":"https:\/\/economiaconedmer.com\/economiaenserio\/wp-json\/wp\/v2\/media?parent=13189"}],"wp:term":[{"taxonomy":"category","embeddable":true,"href":"https:\/\/economiaconedmer.com\/economiaenserio\/wp-json\/wp\/v2\/categories?post=13189"},{"taxonomy":"post_tag","embeddable":true,"href":"https:\/\/economiaconedmer.com\/economiaenserio\/wp-json\/wp\/v2\/tags?post=13189"}],"curies":[{"name":"wp","href":"https:\/\/api.w.org\/{rel}","templated":true}]}}