{"id":13180,"date":"2025-02-06T18:31:59","date_gmt":"2025-02-06T23:31:59","guid":{"rendered":"https:\/\/economiaconedmer.com\/economiaenserio\/?p=13180"},"modified":"2025-02-06T18:32:36","modified_gmt":"2025-02-06T23:32:36","slug":"120-grupos-indigenas-tejen-moda-sostenible","status":"publish","type":"post","link":"https:\/\/economiaconedmer.com\/economiaenserio\/02\/06\/120-grupos-indigenas-tejen-moda-sostenible\/destacados\/2025\/","title":{"rendered":"120 grupos ind\u00edgenas tejen moda sostenible"},"content":{"rendered":"\n<p><strong>Bogot\u00e1, febrero 6 de 2025.<\/strong> Con el objetivo de conectar a los artesanos con la industria de la moda, el Ministerio de Comercio, Industria y Turismo, Colombia Productiva, en alianza con la Universidad Pontificia Bolivariana, llevan a cabo el proyecto\u00a0Fibras Naturales Ind\u00edgenas, el cual busca fortalecer las capacidades organizacionales, productivas y comerciales de los ind\u00edgenas pertenecientes a los Arhuacos, Kankuamos y Wiwas, afectados por el conflicto armado en Colombia.<\/p>\n\n\n\n<p>Este proyecto vincula a estas comunidades con el sector moda a trav\u00e9s de la entrega de activos productivos, un plan de asistencia t\u00e9cnica y capacitaciones para potenciar su trabajo artesanal elaborado con fibras y tintes naturales. Todas estas herramientas buscan conectar sus saberes y productos tradicionales ancestrales con el mercado y con marcas comerciales que valoren sus particularidades culturales y su visi\u00f3n del mundo.<\/p>\n\n\n\n<p>Para garantizar el \u00e9xito de este encadenamiento productivo, la UPB acompa\u00f1a a estas comunidades por medio de un equipo multidisciplinario con representantes de la Facultad de Dise\u00f1o de Vestuario, la Escuela de Ingenier\u00eda y la Unidad de Apropiaci\u00f3n Social del Conocimiento.<\/p>\n\n\n\n<p>En el acompa\u00f1amiento se est\u00e1n implementando nuevas estrategias que les permitan incrementar sus ventas, desarrollar modelos de negocio que integren su identidad cultural, fortalecer su propuesta de valor, establecer acuerdos comerciales y generar encadenamientos productivos con empresas del sector moda.<\/p>\n\n\n\n<p>\u201cEn este proceso primero tuvimos que entender lo que ellos tienen actualmente y cu\u00e1les son esas brechas culturales a solucionar. Establecimos c\u00f3mo mejorar las fibras para que sean m\u00e1s competitivas y c\u00f3mo vincular esas din\u00e1micas de ellos, que son tan distintas en cuando a tiempos y formas de hacer las cosas, con las din\u00e1micas del mercado, que son mucho m\u00e1s r\u00e1pidas y exigentes\u201d, expres\u00f3 Margarita Baena, l\u00edder del proyecto desde la Universidad Pontificia Bolivariana.<\/p>\n\n\n\n<p>Los tejidos y productos artesanales de cada comunidad son \u00fanicos, ya que por medio de estos buscan fortalecer su identidad y asegurar la transmisi\u00f3n de sus conocimientos a las nuevas generaciones. Los Kankuamos, ubicados en Valledupar, trabajan con fibras de fique, mientras que los Arhuacos y Wiwas, en la Sierra Nevada, emplean algod\u00f3n de origen criollo y t\u00e9cnicas de tejido con aguja.<\/p>\n\n\n\n<p>Actualmente, se han intervenido cerca de 120 unidades productivas inscritas en el Registro \u00danico de V\u00edctimas \u2013 RUV \u2013. La iniciativa tiene un enfoque especial en la sostenibilidad, no solo desde el uso de fibras naturales menos contaminantes, sino tambi\u00e9n a trav\u00e9s de la sostenibilidad social y econ\u00f3mica de las comunidades ind\u00edgenas. Adem\u00e1s, los cultivos de fique y algod\u00f3n se desarrollan con pr\u00e1cticas sostenibles que incluyen el uso de variedades nativas, sistemas agroecol\u00f3gicos y biofertilizantes que mejoran la calidad del suelo y reducen la dependencia de insumos qu\u00edmicos.<\/p>\n\n\n\n<p>En el encadenamiento comercial se promueve tambi\u00e9n el pago justo a los artesanos, reconociendo el valor del tiempo, el conocimiento y la calidad de cada pieza, asegurando as\u00ed condiciones dignas para su labor y fortaleciendo su autonom\u00eda econ\u00f3mica dentro del mercado de la moda sostenible.<\/p>\n\n\n\n<p>\u201cResaltamos y reconocemos que este proyecto ha sido muy valioso e importante para nuestra comunidad, ya que nos da la oportunidad de presentar el producto hecho en algod\u00f3n. Esta es una oportunidad para darnos a conocer al mundo occidental, por as\u00ed decirlo, y nos ayuda a que nuestras mochilas sean valoradas y posicionadas. Este proyecto ha apoyado nuestra cultura y promueve sin cambiar nuestras tradiciones el uso del algod\u00f3n como insignia de sabidur\u00eda\u201d, expres\u00f3 Amilcar Pachecho, integrante de la comunidad Arhuaco.<\/p>\n\n\n\n<p>Este programa tiene como objetivo reducir las brechas econ\u00f3micas que enfrentan los pueblos ind\u00edgenas, quienes a lo largo de la historia han sufrido el impacto del conflicto armado en Colombia, lo que ha afectado gravemente sus econom\u00edas locales. Adem\u00e1s de disminuir las dificultades que a\u00fan enfrentan para acceder a mercados y mejorar el conocimiento de t\u00e9cnicas artesanales que les permitan ser m\u00e1s productivos.<\/p>\n","protected":false},"excerpt":{"rendered":"<p>Bogot\u00e1, febrero 6 de 2025. Con el objetivo de conectar a los artesanos con la industria de la moda, el Ministerio de Comercio, Industria y Turismo, Colombia Productiva, en alianza con la Universidad Pontificia Bolivariana, llevan a cabo el proyecto\u00a0Fibras Naturales Ind\u00edgenas, el cual busca fortalecer las capacidades organizacionales, productivas y comerciales de los ind\u00edgenas&#8230;<\/p>\n","protected":false},"author":5,"featured_media":13182,"comment_status":"closed","ping_status":"closed","sticky":false,"template":"","format":"standard","meta":{"_FSMCFIC_featured_image_caption":"","_FSMCFIC_featured_image_nocaption":"","_FSMCFIC_featured_image_hide":"","footnotes":""},"categories":[21],"tags":[],"class_list":["post-13180","post","type-post","status-publish","format-standard","has-post-thumbnail","hentry","category-destacados"],"_links":{"self":[{"href":"https:\/\/economiaconedmer.com\/economiaenserio\/wp-json\/wp\/v2\/posts\/13180","targetHints":{"allow":["GET"]}}],"collection":[{"href":"https:\/\/economiaconedmer.com\/economiaenserio\/wp-json\/wp\/v2\/posts"}],"about":[{"href":"https:\/\/economiaconedmer.com\/economiaenserio\/wp-json\/wp\/v2\/types\/post"}],"author":[{"embeddable":true,"href":"https:\/\/economiaconedmer.com\/economiaenserio\/wp-json\/wp\/v2\/users\/5"}],"replies":[{"embeddable":true,"href":"https:\/\/economiaconedmer.com\/economiaenserio\/wp-json\/wp\/v2\/comments?post=13180"}],"version-history":[{"count":1,"href":"https:\/\/economiaconedmer.com\/economiaenserio\/wp-json\/wp\/v2\/posts\/13180\/revisions"}],"predecessor-version":[{"id":13181,"href":"https:\/\/economiaconedmer.com\/economiaenserio\/wp-json\/wp\/v2\/posts\/13180\/revisions\/13181"}],"wp:featuredmedia":[{"embeddable":true,"href":"https:\/\/economiaconedmer.com\/economiaenserio\/wp-json\/wp\/v2\/media\/13182"}],"wp:attachment":[{"href":"https:\/\/economiaconedmer.com\/economiaenserio\/wp-json\/wp\/v2\/media?parent=13180"}],"wp:term":[{"taxonomy":"category","embeddable":true,"href":"https:\/\/economiaconedmer.com\/economiaenserio\/wp-json\/wp\/v2\/categories?post=13180"},{"taxonomy":"post_tag","embeddable":true,"href":"https:\/\/economiaconedmer.com\/economiaenserio\/wp-json\/wp\/v2\/tags?post=13180"}],"curies":[{"name":"wp","href":"https:\/\/api.w.org\/{rel}","templated":true}]}}