{"id":13168,"date":"2025-02-06T18:00:05","date_gmt":"2025-02-06T23:00:05","guid":{"rendered":"https:\/\/economiaconedmer.com\/economiaenserio\/?p=13168"},"modified":"2025-02-06T18:00:40","modified_gmt":"2025-02-06T23:00:40","slug":"la-clave-para-lucirse-en-un-entorno-competitivo","status":"publish","type":"post","link":"https:\/\/economiaconedmer.com\/economiaenserio\/02\/06\/la-clave-para-lucirse-en-un-entorno-competitivo\/destacados\/2025\/","title":{"rendered":"La clave para lucirse en un entorno competitivo"},"content":{"rendered":"\n<p>En el mundo empresarial, la forma en que nos proyectamos puede ser tan crucial como nuestras habilidades t\u00e9cnicas. Una comunicaci\u00f3n efectiva, una adecuada presencia en espacios de networking y el dominio del protocolo corporativo son factores determinantes para generar confianza y establecer conexiones duraderas.<\/p>\n\n\n\n<p>Un estudio reciente de la consultora McKinsey &amp; Company revela que el 75% de los l\u00edderes empresariales consideran que las habilidades de comunicaci\u00f3n y liderazgo no verbal son esenciales para cerrar negociaciones y construir relaciones sostenibles. Adem\u00e1s, el 85% de los ejecutivos encuestados destacaron que la primera impresi\u00f3n en un encuentro profesional es crucial para definir la direcci\u00f3n de una relaci\u00f3n de negocios. Aspectos como el saludo adecuado, el manejo de prelaciones en reuniones y hasta la selecci\u00f3n del vino perfecto en una cena de negocios pueden marcar la diferencia en negociaciones y relaciones corporativas.<\/p>\n\n\n\n<p><em>\u00abLas habilidades blandas no son un complemento, son el cimiento de una carrera exitosa. No se trata solo de estar presente, sino de saber c\u00f3mo conectar y dejar una huella positiva,\u00bb<\/em> afirma <strong>Paola Cifuentes<\/strong>, experta en protocolo corporativo, autora del libro \u201cEl Arte de Encantar\u201d y creadora de Vestidas para Impactar.<\/p>\n\n\n\n<p><strong>La importancia del protocolo y la etiqueta en el \u00e9xito profesional<\/strong><\/p>\n\n\n\n<p>Las habilidades de protocolo corporativo y etiqueta no solo facilitan una comunicaci\u00f3n efectiva, sino que tambi\u00e9n potencian la confianza y credibilidad en entornos competitivos. Desde aprender c\u00f3mo comportarse en una mesa de negociaci\u00f3n hasta dominar la etiqueta en eventos formales, estas competencias se han convertido en diferenciadores claves para los profesionales que buscan destacar.<\/p>\n\n\n\n<p>Con este contexto, Vestidas para Impactar se posiciona como un espacio transformador donde las mujeres pueden adquirir herramientas pr\u00e1cticas para fortalecer su liderazgo y marca personal.<\/p>\n\n\n\n<p>\u00a1Prep\u00e1rate para destacar con Vestidas para Impactar 2025!<\/p>\n\n\n\n<p>Este 2025, Vestidas para Impactar regresa con dos eventos imperdibles dirigidos a mujeres ejecutivas, emprendedoras y l\u00edderes empresariales que desean llevar su proyecci\u00f3n profesional al siguiente nivel:<\/p>\n\n\n\n<ul class=\"wp-block-list\">\n<li><strong>Vestidas para Impactar Volumen 1<\/strong>: Se llevar\u00e1 a cabo en Medell\u00edn el 1ero de marzo, donde se enfocar\u00e1 en los fundamentos esenciales para construir una imagen personal s\u00f3lida. Desde el vestuario con prop\u00f3sito hasta la correcta aplicaci\u00f3n del protocolo en networking, las participantes ser\u00e1n guiadas a reflexionar sobre su estilo y c\u00f3mo este puede impactar su imagen profesional.<\/li>\n\n\n\n<li><strong>Vestidas para Impactar Volumen 2<\/strong>: Tendr\u00e1 lugar en Bogot\u00e1 el 8 de marzo, donde se profundizar\u00e1 en t\u00e9cnicas avanzadas como el maquillaje estrat\u00e9gico, la selecci\u00f3n de vinos como recurso de conversaci\u00f3n, y la adaptaci\u00f3n al estilo americano en situaciones formales. Este nivel est\u00e1 dirigido a quienes buscan pulir su presencia en eventos sociales y reuniones ejecutivas.<\/li>\n<\/ul>\n\n\n\n<p><strong>Un paso adelante en el entorno corporativo<\/strong><\/p>\n\n\n\n<p>La relevancia del protocolo corporativo y la etiqueta profesional no reside \u00fanicamente en seguir normas, sino en los resultados que generan: mejores negociaciones, relaciones m\u00e1s s\u00f3lidas y una presencia que comunica profesionalismo y seguridad.&nbsp;<\/p>\n\n\n\n<p>Vestidas para Impactar ofrece a las participantes las herramientas necesarias para enfrentarse con confianza y preparaci\u00f3n a los retos del mundo empresarial actual. Estas competencias, cuando se aplican correctamente, no solo facilitan la construcci\u00f3n de conexiones efectivas, sino que tambi\u00e9n marcan una diferencia significativa en la forma en que somos percibidos como profesionales.<\/p>\n\n\n\n<p>La clave est\u00e1 en comprender que cada detalle, desde una correcta postura hasta una interacci\u00f3n en una mesa de negociaci\u00f3n, suma al impacto que dejamos. Porque, al final, no se trata solo de estar presentes, sino de destacar con prop\u00f3sito.<\/p>\n\n\n\n<p><\/p>\n","protected":false},"excerpt":{"rendered":"<p>En el mundo empresarial, la forma en que nos proyectamos puede ser tan crucial como nuestras habilidades t\u00e9cnicas. Una comunicaci\u00f3n efectiva, una adecuada presencia en espacios de networking y el dominio del protocolo corporativo son factores determinantes para generar confianza y establecer conexiones duraderas. Un estudio reciente de la consultora McKinsey &amp; Company revela que&#8230;<\/p>\n","protected":false},"author":5,"featured_media":13170,"comment_status":"closed","ping_status":"closed","sticky":false,"template":"","format":"standard","meta":{"_FSMCFIC_featured_image_caption":"","_FSMCFIC_featured_image_nocaption":"","_FSMCFIC_featured_image_hide":"","footnotes":""},"categories":[21],"tags":[],"class_list":["post-13168","post","type-post","status-publish","format-standard","has-post-thumbnail","hentry","category-destacados"],"_links":{"self":[{"href":"https:\/\/economiaconedmer.com\/economiaenserio\/wp-json\/wp\/v2\/posts\/13168","targetHints":{"allow":["GET"]}}],"collection":[{"href":"https:\/\/economiaconedmer.com\/economiaenserio\/wp-json\/wp\/v2\/posts"}],"about":[{"href":"https:\/\/economiaconedmer.com\/economiaenserio\/wp-json\/wp\/v2\/types\/post"}],"author":[{"embeddable":true,"href":"https:\/\/economiaconedmer.com\/economiaenserio\/wp-json\/wp\/v2\/users\/5"}],"replies":[{"embeddable":true,"href":"https:\/\/economiaconedmer.com\/economiaenserio\/wp-json\/wp\/v2\/comments?post=13168"}],"version-history":[{"count":1,"href":"https:\/\/economiaconedmer.com\/economiaenserio\/wp-json\/wp\/v2\/posts\/13168\/revisions"}],"predecessor-version":[{"id":13169,"href":"https:\/\/economiaconedmer.com\/economiaenserio\/wp-json\/wp\/v2\/posts\/13168\/revisions\/13169"}],"wp:featuredmedia":[{"embeddable":true,"href":"https:\/\/economiaconedmer.com\/economiaenserio\/wp-json\/wp\/v2\/media\/13170"}],"wp:attachment":[{"href":"https:\/\/economiaconedmer.com\/economiaenserio\/wp-json\/wp\/v2\/media?parent=13168"}],"wp:term":[{"taxonomy":"category","embeddable":true,"href":"https:\/\/economiaconedmer.com\/economiaenserio\/wp-json\/wp\/v2\/categories?post=13168"},{"taxonomy":"post_tag","embeddable":true,"href":"https:\/\/economiaconedmer.com\/economiaenserio\/wp-json\/wp\/v2\/tags?post=13168"}],"curies":[{"name":"wp","href":"https:\/\/api.w.org\/{rel}","templated":true}]}}