{"id":13133,"date":"2025-02-05T20:22:11","date_gmt":"2025-02-06T01:22:11","guid":{"rendered":"https:\/\/economiaconedmer.com\/economiaenserio\/?p=13133"},"modified":"2025-02-05T20:26:06","modified_gmt":"2025-02-06T01:26:06","slug":"la-tarifa-final-de-gas-natural-aumentara-hasta-36","status":"publish","type":"post","link":"https:\/\/economiaconedmer.com\/economiaenserio\/02\/05\/la-tarifa-final-de-gas-natural-aumentara-hasta-36\/el_bolsillo\/2025\/","title":{"rendered":"La tarifa de gas domiciliario aumentar\u00e1 hasta 36%"},"content":{"rendered":"\n<p><strong>Bogot\u00e1, 5 de febrero de 2025<\/strong>. Debido al aumento del precio de la mol\u00e9cula de gas natural y el mayor costo por la distancia del transporte debido al cambio en las fuentes de suministro, la tarifa final de gas natural para los usuarios residenciales, comerciales e industriales regulados de diferentes partes del pa\u00eds tendr\u00e1n un incremento de hasta 36% en sus facturas a partir de febrero.<\/p>\n\n\n\n<p>Las distribuidoras comercializadoras de gas natural han trabajado arduamente durante meses, previendo el vencimiento de contratos de suministro en el 2024, para que el impacto fuera el menor posible para los usuarios. Sin embargo, i) el mayor costo del gas nacional a partir del 2025, ii) la necesidad de incorporar gas importado para poder atender toda la demanda nacional, iii ) y el hecho de que las nuevas fuentes de suministro de gran parte del interior del pa\u00eds se encuentran en la Costa Caribe y aumentan los costos de transporte, han hecho inevitable este incremento en ciudades como Bogot\u00e1, Medell\u00edn, Bucaramanga, Villavicencio, Manizales, Pereira, Armenia, Ibagu\u00e9, Neiva o Yopal, entre otras.<\/p>\n\n\n\n<p>Estas alzas tendr\u00e1n distintos impactos en diferentes distribuidoras, como es el caso de Vanti S.A. ESP, Gas Natural Cundiboyacense S.A. ESP, Gas Natural del Oriente S.A. ESP, y Gas Natural del Cesar S.A. ESP., entre otras.<\/p>\n\n\n\n<p>Se trata de una coyuntura especial y excepcional que impacta la mayor parte del interior del pa\u00eds, y cuyos efectos se han intentado mitigar de manera conjunta entre todos los agentes del sector. Confiamos en que esta circunstancia no se extienda en el largo plazo, para lo cual necesitaremos continuar con un trabajo conjunto que permita obtener un marco regulatorio que viabilice la optimizaci\u00f3n de los precios tanto del gas nacional como del importado en el largo plazo, as\u00ed como un esquema de remuneraci\u00f3n de transporte que reconozca las nuevas circunstancias del mercado.<\/p>\n","protected":false},"excerpt":{"rendered":"<p>Bogot\u00e1, 5 de febrero de 2025. Debido al aumento del precio de la mol\u00e9cula de gas natural y el mayor costo por la distancia del transporte debido al cambio en las fuentes de suministro, la tarifa final de gas natural para los usuarios residenciales, comerciales e industriales regulados de diferentes partes del pa\u00eds tendr\u00e1n un&#8230;<\/p>\n","protected":false},"author":5,"featured_media":13135,"comment_status":"closed","ping_status":"closed","sticky":false,"template":"","format":"standard","meta":{"_FSMCFIC_featured_image_caption":"","_FSMCFIC_featured_image_nocaption":"","_FSMCFIC_featured_image_hide":"","footnotes":""},"categories":[2],"tags":[],"class_list":["post-13133","post","type-post","status-publish","format-standard","has-post-thumbnail","hentry","category-el_bolsillo"],"_links":{"self":[{"href":"https:\/\/economiaconedmer.com\/economiaenserio\/wp-json\/wp\/v2\/posts\/13133","targetHints":{"allow":["GET"]}}],"collection":[{"href":"https:\/\/economiaconedmer.com\/economiaenserio\/wp-json\/wp\/v2\/posts"}],"about":[{"href":"https:\/\/economiaconedmer.com\/economiaenserio\/wp-json\/wp\/v2\/types\/post"}],"author":[{"embeddable":true,"href":"https:\/\/economiaconedmer.com\/economiaenserio\/wp-json\/wp\/v2\/users\/5"}],"replies":[{"embeddable":true,"href":"https:\/\/economiaconedmer.com\/economiaenserio\/wp-json\/wp\/v2\/comments?post=13133"}],"version-history":[{"count":2,"href":"https:\/\/economiaconedmer.com\/economiaenserio\/wp-json\/wp\/v2\/posts\/13133\/revisions"}],"predecessor-version":[{"id":13137,"href":"https:\/\/economiaconedmer.com\/economiaenserio\/wp-json\/wp\/v2\/posts\/13133\/revisions\/13137"}],"wp:featuredmedia":[{"embeddable":true,"href":"https:\/\/economiaconedmer.com\/economiaenserio\/wp-json\/wp\/v2\/media\/13135"}],"wp:attachment":[{"href":"https:\/\/economiaconedmer.com\/economiaenserio\/wp-json\/wp\/v2\/media?parent=13133"}],"wp:term":[{"taxonomy":"category","embeddable":true,"href":"https:\/\/economiaconedmer.com\/economiaenserio\/wp-json\/wp\/v2\/categories?post=13133"},{"taxonomy":"post_tag","embeddable":true,"href":"https:\/\/economiaconedmer.com\/economiaenserio\/wp-json\/wp\/v2\/tags?post=13133"}],"curies":[{"name":"wp","href":"https:\/\/api.w.org\/{rel}","templated":true}]}}